{"id":53556,"date":"2026-01-05T05:01:40","date_gmt":"2026-01-05T08:01:40","guid":{"rendered":"http:\/\/masquenoticiastucuman.com.ar\/?p=53556"},"modified":"2026-01-05T05:01:40","modified_gmt":"2026-01-05T08:01:40","slug":"anses-estas-son-las-fechas-de-cobro-para-enero-2026","status":"publish","type":"post","link":"https:\/\/masquenoticiastucuman.com.ar\/?p=53556","title":{"rendered":"ANSeS: estas son las fechas de cobro para enero 2026"},"content":{"rendered":"<ul>\n<li>Se confirm\u00f3 el cronograma de pagos para el primer mes del a\u00f1o. <\/li>\n<li>En detalle, los montos, aumentos y fechas de pago seg\u00fan el DNI. <\/li>\n<\/ul>\n<p>\u200bSe confirm\u00f3 el cronograma de pagos para el primer mes del a\u00f1o. En detalle, los montos, aumentos y fechas de pago seg\u00fan el DNI.\u00a0<a href=\"https:\/\/www.clarin.com\/economia\/anses-fechas-cobro-enero-2026_0_8kHLGJfCzc.html\" target=\"_blank\" class=\"feedzy-rss-link-icon\">Read More<\/a><\/p>","protected":false},"excerpt":{"rendered":"<p>Se confirm\u00f3 el cronograma de pagos para el primer mes del a\u00f1o. En detalle, los&#8230;<\/p>\n","protected":false},"author":1,"featured_media":0,"comment_status":"open","ping_status":"open","sticky":false,"template":"","format":"standard","meta":{"footnotes":""},"categories":[3],"tags":[],"class_list":["post-53556","post","type-post","status-publish","format-standard","has-post-thumbnail","hentry","category-nacionales"],"_links":{"self":[{"href":"https:\/\/masquenoticiastucuman.com.ar\/index.php?rest_route=\/wp\/v2\/posts\/53556","targetHints":{"allow":["GET"]}}],"collection":[{"href":"https:\/\/masquenoticiastucuman.com.ar\/index.php?rest_route=\/wp\/v2\/posts"}],"about":[{"href":"https:\/\/masquenoticiastucuman.com.ar\/index.php?rest_route=\/wp\/v2\/types\/post"}],"author":[{"embeddable":true,"href":"https:\/\/masquenoticiastucuman.com.ar\/index.php?rest_route=\/wp\/v2\/users\/1"}],"replies":[{"embeddable":true,"href":"https:\/\/masquenoticiastucuman.com.ar\/index.php?rest_route=%2Fwp%2Fv2%2Fcomments&post=53556"}],"version-history":[{"count":0,"href":"https:\/\/masquenoticiastucuman.com.ar\/index.php?rest_route=\/wp\/v2\/posts\/53556\/revisions"}],"wp:attachment":[{"href":"https:\/\/masquenoticiastucuman.com.ar\/index.php?rest_route=%2Fwp%2Fv2%2Fmedia&parent=53556"}],"wp:term":[{"taxonomy":"category","embeddable":true,"href":"https:\/\/masquenoticiastucuman.com.ar\/index.php?rest_route=%2Fwp%2Fv2%2Fcategories&post=53556"},{"taxonomy":"post_tag","embeddable":true,"href":"https:\/\/masquenoticiastucuman.com.ar\/index.php?rest_route=%2Fwp%2Fv2%2Ftags&post=53556"}],"curies":[{"name":"wp","href":"https:\/\/api.w.org\/{rel}","templated":true}]}}