{"id":53613,"date":"2026-01-05T18:48:12","date_gmt":"2026-01-05T21:48:12","guid":{"rendered":"http:\/\/masquenoticiastucuman.com.ar\/?p=53613"},"modified":"2026-01-05T18:48:12","modified_gmt":"2026-01-05T21:48:12","slug":"marino-hinestroza-contra-todos-le-tiro-un-palo-a-boca-porque-no-cierra-su-llegada-y-se-planto-con-atletico-nacional","status":"publish","type":"post","link":"https:\/\/masquenoticiastucuman.com.ar\/?p=53613","title":{"rendered":"Marino Hinestroza contra todos: le tir\u00f3 un palo a Boca porque no cierra su llegada y se plant\u00f3 con Atl\u00e9tico Nacional"},"content":{"rendered":"<ul>\n<li>El delantero se ausent\u00f3 de la pretemporada del equipo cafetero que no termina de aceptar la venta al Xeneize.<\/li>\n<li>&#8220;\u00bfA qu\u00e9 fecha es que llaman los equipos, o ser\u00e1 que me mocharon?&#8221;, escribi\u00f3 en sus redes.<\/li>\n<\/ul>\n<p>\u200bEl delantero se ausent\u00f3 de la pretemporada del equipo cafetero que no termina de aceptar la venta al Xeneize.&#8221;\u00bfA qu\u00e9 fecha es que llaman los equipos, o ser\u00e1 que me mocharon?&#8221;, escribi\u00f3 en sus redes.\u00a0<a href=\"https:\/\/www.clarin.com\/deportes\/marino-hinestroza-tiro-palo-boca-cierra-llegada-planto-atletico-nacional_0_cvE5nhzrnf.html\" target=\"_blank\" class=\"feedzy-rss-link-icon\">Read More<\/a><\/p>","protected":false},"excerpt":{"rendered":"<p>El delantero se ausent\u00f3 de la pretemporada del equipo cafetero que no termina de aceptar&#8230;<\/p>\n","protected":false},"author":1,"featured_media":0,"comment_status":"open","ping_status":"open","sticky":false,"template":"","format":"standard","meta":{"footnotes":""},"categories":[6],"tags":[],"class_list":["post-53613","post","type-post","status-publish","format-standard","has-post-thumbnail","hentry","category-deportes"],"_links":{"self":[{"href":"https:\/\/masquenoticiastucuman.com.ar\/index.php?rest_route=\/wp\/v2\/posts\/53613","targetHints":{"allow":["GET"]}}],"collection":[{"href":"https:\/\/masquenoticiastucuman.com.ar\/index.php?rest_route=\/wp\/v2\/posts"}],"about":[{"href":"https:\/\/masquenoticiastucuman.com.ar\/index.php?rest_route=\/wp\/v2\/types\/post"}],"author":[{"embeddable":true,"href":"https:\/\/masquenoticiastucuman.com.ar\/index.php?rest_route=\/wp\/v2\/users\/1"}],"replies":[{"embeddable":true,"href":"https:\/\/masquenoticiastucuman.com.ar\/index.php?rest_route=%2Fwp%2Fv2%2Fcomments&post=53613"}],"version-history":[{"count":0,"href":"https:\/\/masquenoticiastucuman.com.ar\/index.php?rest_route=\/wp\/v2\/posts\/53613\/revisions"}],"wp:attachment":[{"href":"https:\/\/masquenoticiastucuman.com.ar\/index.php?rest_route=%2Fwp%2Fv2%2Fmedia&parent=53613"}],"wp:term":[{"taxonomy":"category","embeddable":true,"href":"https:\/\/masquenoticiastucuman.com.ar\/index.php?rest_route=%2Fwp%2Fv2%2Fcategories&post=53613"},{"taxonomy":"post_tag","embeddable":true,"href":"https:\/\/masquenoticiastucuman.com.ar\/index.php?rest_route=%2Fwp%2Fv2%2Ftags&post=53613"}],"curies":[{"name":"wp","href":"https:\/\/api.w.org\/{rel}","templated":true}]}}