{"id":55237,"date":"2026-01-29T00:30:58","date_gmt":"2026-01-29T03:30:58","guid":{"rendered":"http:\/\/masquenoticiastucuman.com.ar\/?p=55237"},"modified":"2026-01-29T00:30:58","modified_gmt":"2026-01-29T03:30:58","slug":"violencia-politica-en-mexico-un-diputado-fue-atacado-a-balazos-y-pelea-por-su-vida","status":"publish","type":"post","link":"https:\/\/masquenoticiastucuman.com.ar\/?p=55237","title":{"rendered":"Violencia pol\u00edtica en M\u00e9xico: un diputado fue atacado a balazos y pelea por su vida"},"content":{"rendered":"<ul>\n<li>Sergio Torres F\u00e9lix fue emboscado por un grupo armado tras salir del Congreso estatal y permanece internado en estado delicado.<\/li>\n<li>Ocurri\u00f3 a plena luz del d\u00eda y dej\u00f3 adem\u00e1s herida a otra legisladora y a un custodio.<\/li>\n<\/ul>\n<p>\u200bSergio Torres F\u00e9lix fue emboscado por un grupo armado tras salir del Congreso estatal y permanece internado en estado delicado.Ocurri\u00f3 a plena luz del d\u00eda y dej\u00f3 adem\u00e1s herida a otra legisladora y a un custodio.\u00a0<a href=\"https:\/\/www.clarin.com\/mundo\/violencia-politica-mexico-diputado-atacado-balazos-pelea-vida_0_h5d6R1w6mo.html\" target=\"_blank\" class=\"feedzy-rss-link-icon\">Read More<\/a><\/p>","protected":false},"excerpt":{"rendered":"<p>Sergio Torres F\u00e9lix fue emboscado por un grupo armado tras salir del Congreso estatal y&#8230;<\/p>\n","protected":false},"author":1,"featured_media":55238,"comment_status":"open","ping_status":"open","sticky":false,"template":"","format":"standard","meta":{"footnotes":""},"categories":[4],"tags":[],"class_list":["post-55237","post","type-post","status-publish","format-standard","has-post-thumbnail","hentry","category-internacionales"],"_links":{"self":[{"href":"https:\/\/masquenoticiastucuman.com.ar\/index.php?rest_route=\/wp\/v2\/posts\/55237","targetHints":{"allow":["GET"]}}],"collection":[{"href":"https:\/\/masquenoticiastucuman.com.ar\/index.php?rest_route=\/wp\/v2\/posts"}],"about":[{"href":"https:\/\/masquenoticiastucuman.com.ar\/index.php?rest_route=\/wp\/v2\/types\/post"}],"author":[{"embeddable":true,"href":"https:\/\/masquenoticiastucuman.com.ar\/index.php?rest_route=\/wp\/v2\/users\/1"}],"replies":[{"embeddable":true,"href":"https:\/\/masquenoticiastucuman.com.ar\/index.php?rest_route=%2Fwp%2Fv2%2Fcomments&post=55237"}],"version-history":[{"count":0,"href":"https:\/\/masquenoticiastucuman.com.ar\/index.php?rest_route=\/wp\/v2\/posts\/55237\/revisions"}],"wp:featuredmedia":[{"embeddable":true,"href":"https:\/\/masquenoticiastucuman.com.ar\/index.php?rest_route=\/wp\/v2\/media\/55238"}],"wp:attachment":[{"href":"https:\/\/masquenoticiastucuman.com.ar\/index.php?rest_route=%2Fwp%2Fv2%2Fmedia&parent=55237"}],"wp:term":[{"taxonomy":"category","embeddable":true,"href":"https:\/\/masquenoticiastucuman.com.ar\/index.php?rest_route=%2Fwp%2Fv2%2Fcategories&post=55237"},{"taxonomy":"post_tag","embeddable":true,"href":"https:\/\/masquenoticiastucuman.com.ar\/index.php?rest_route=%2Fwp%2Fv2%2Ftags&post=55237"}],"curies":[{"name":"wp","href":"https:\/\/api.w.org\/{rel}","templated":true}]}}