{"id":55244,"date":"2026-01-29T01:37:16","date_gmt":"2026-01-29T04:37:16","guid":{"rendered":"http:\/\/masquenoticiastucuman.com.ar\/?p=55244"},"modified":"2026-01-29T01:37:16","modified_gmt":"2026-01-29T04:37:16","slug":"que-dijo-eduardo-dominguez-sobre-la-partida-de-ascacibar-a-boca-y-el-fuerte-cruce-que-mantuvo-con-un-periodista-por-marcos-rojo","status":"publish","type":"post","link":"https:\/\/masquenoticiastucuman.com.ar\/?p=55244","title":{"rendered":"Qu\u00e9 dijo Eduardo Dom\u00ednguez sobre la partida de Ascac\u00edbar a Boca y el fuerte cruce que mantuvo con un periodista por Marcos Rojo"},"content":{"rendered":"<ul>\n<li>El t\u00e9cnico de Estudiantes asegur\u00f3 que ya estaba al tanto de la decisi\u00f3n del Ruso de marcharse de la instituci\u00f3n que lo form\u00f3. <\/li>\n<li>De todas maneras, desliz\u00f3: \u201cNadie est\u00e1 exento de equivocarse en una declaraci\u00f3n o apresurarse\u201d.<\/li>\n<\/ul>\n<p>\u200bEl t\u00e9cnico de Estudiantes asegur\u00f3 que ya estaba al tanto de la decisi\u00f3n del Ruso de marcharse de la instituci\u00f3n que lo form\u00f3. De todas maneras, desliz\u00f3: \u201cNadie est\u00e1 exento de equivocarse en una declaraci\u00f3n o apresurarse\u201d.\u00a0<a href=\"https:\/\/www.clarin.com\/deportes\/dijo-eduardo-dominguez-partida-ascacibar-boca-fuerte-cruce-mantuvo-periodista-marcos-rojo_0_9Q6TviD4rb.html\" target=\"_blank\" class=\"feedzy-rss-link-icon\">Read More<\/a><\/p>","protected":false},"excerpt":{"rendered":"<p>El t\u00e9cnico de Estudiantes asegur\u00f3 que ya estaba al tanto de la decisi\u00f3n del Ruso&#8230;<\/p>\n","protected":false},"author":1,"featured_media":0,"comment_status":"open","ping_status":"open","sticky":false,"template":"","format":"standard","meta":{"footnotes":""},"categories":[6],"tags":[],"class_list":["post-55244","post","type-post","status-publish","format-standard","has-post-thumbnail","hentry","category-deportes"],"_links":{"self":[{"href":"https:\/\/masquenoticiastucuman.com.ar\/index.php?rest_route=\/wp\/v2\/posts\/55244","targetHints":{"allow":["GET"]}}],"collection":[{"href":"https:\/\/masquenoticiastucuman.com.ar\/index.php?rest_route=\/wp\/v2\/posts"}],"about":[{"href":"https:\/\/masquenoticiastucuman.com.ar\/index.php?rest_route=\/wp\/v2\/types\/post"}],"author":[{"embeddable":true,"href":"https:\/\/masquenoticiastucuman.com.ar\/index.php?rest_route=\/wp\/v2\/users\/1"}],"replies":[{"embeddable":true,"href":"https:\/\/masquenoticiastucuman.com.ar\/index.php?rest_route=%2Fwp%2Fv2%2Fcomments&post=55244"}],"version-history":[{"count":0,"href":"https:\/\/masquenoticiastucuman.com.ar\/index.php?rest_route=\/wp\/v2\/posts\/55244\/revisions"}],"wp:attachment":[{"href":"https:\/\/masquenoticiastucuman.com.ar\/index.php?rest_route=%2Fwp%2Fv2%2Fmedia&parent=55244"}],"wp:term":[{"taxonomy":"category","embeddable":true,"href":"https:\/\/masquenoticiastucuman.com.ar\/index.php?rest_route=%2Fwp%2Fv2%2Fcategories&post=55244"},{"taxonomy":"post_tag","embeddable":true,"href":"https:\/\/masquenoticiastucuman.com.ar\/index.php?rest_route=%2Fwp%2Fv2%2Ftags&post=55244"}],"curies":[{"name":"wp","href":"https:\/\/api.w.org\/{rel}","templated":true}]}}