{"id":55246,"date":"2026-01-29T02:39:50","date_gmt":"2026-01-29T05:39:50","guid":{"rendered":"http:\/\/masquenoticiastucuman.com.ar\/?p=55246"},"modified":"2026-01-29T02:39:50","modified_gmt":"2026-01-29T05:39:50","slug":"un-canal-de-venezuela-transmitio-declaraciones-de-maria-corina-machado-y-recibio-una-amenaza-de-diosdado-cabello","status":"publish","type":"post","link":"https:\/\/masquenoticiastucuman.com.ar\/?p=55246","title":{"rendered":"Un canal de Venezuela transmiti\u00f3 declaraciones de Mar\u00eda Corina Machado y recibi\u00f3 una amenaza de Diosdado Cabello"},"content":{"rendered":"<ul>\n<li>Despu\u00e9s de varios a\u00f1os, una emisora puso al aire im\u00e1genes de la l\u00edder opositora venezolana tras su reuni\u00f3n con el secretario de Estado de Estados Unidos, Marco Rubio.<\/li>\n<li>En ese encuentro, la Nobel de la Paz pidi\u00f3 una &#8220;transici\u00f3n real&#8221; en Venezuela y dijo que trabaja para que ello ocurra.<\/li>\n<\/ul>\n<p>\u200bDespu\u00e9s de varios a\u00f1os, una emisora puso al aire im\u00e1genes de la l\u00edder opositora venezolana tras su reuni\u00f3n con el secretario de Estado de Estados Unidos, Marco Rubio.En ese encuentro, la Nobel de la Paz pidi\u00f3 una &#8220;transici\u00f3n real&#8221; en Venezuela y dijo que trabaja para que ello ocurra.\u00a0<a href=\"https:\/\/www.clarin.com\/mundo\/canal-venezuela-transmitio-declaraciones-maria-corina-machado-recibio-amenaza-diosdado-cabello_0_O2fbfVlQkT.html\" target=\"_blank\" class=\"feedzy-rss-link-icon\">Read More<\/a><\/p>","protected":false},"excerpt":{"rendered":"<p>Despu\u00e9s de varios a\u00f1os, una emisora puso al aire im\u00e1genes de la l\u00edder opositora venezolana&#8230;<\/p>\n","protected":false},"author":1,"featured_media":55247,"comment_status":"open","ping_status":"open","sticky":false,"template":"","format":"standard","meta":{"footnotes":""},"categories":[4],"tags":[],"class_list":["post-55246","post","type-post","status-publish","format-standard","has-post-thumbnail","hentry","category-internacionales"],"_links":{"self":[{"href":"https:\/\/masquenoticiastucuman.com.ar\/index.php?rest_route=\/wp\/v2\/posts\/55246","targetHints":{"allow":["GET"]}}],"collection":[{"href":"https:\/\/masquenoticiastucuman.com.ar\/index.php?rest_route=\/wp\/v2\/posts"}],"about":[{"href":"https:\/\/masquenoticiastucuman.com.ar\/index.php?rest_route=\/wp\/v2\/types\/post"}],"author":[{"embeddable":true,"href":"https:\/\/masquenoticiastucuman.com.ar\/index.php?rest_route=\/wp\/v2\/users\/1"}],"replies":[{"embeddable":true,"href":"https:\/\/masquenoticiastucuman.com.ar\/index.php?rest_route=%2Fwp%2Fv2%2Fcomments&post=55246"}],"version-history":[{"count":0,"href":"https:\/\/masquenoticiastucuman.com.ar\/index.php?rest_route=\/wp\/v2\/posts\/55246\/revisions"}],"wp:featuredmedia":[{"embeddable":true,"href":"https:\/\/masquenoticiastucuman.com.ar\/index.php?rest_route=\/wp\/v2\/media\/55247"}],"wp:attachment":[{"href":"https:\/\/masquenoticiastucuman.com.ar\/index.php?rest_route=%2Fwp%2Fv2%2Fmedia&parent=55246"}],"wp:term":[{"taxonomy":"category","embeddable":true,"href":"https:\/\/masquenoticiastucuman.com.ar\/index.php?rest_route=%2Fwp%2Fv2%2Fcategories&post=55246"},{"taxonomy":"post_tag","embeddable":true,"href":"https:\/\/masquenoticiastucuman.com.ar\/index.php?rest_route=%2Fwp%2Fv2%2Ftags&post=55246"}],"curies":[{"name":"wp","href":"https:\/\/api.w.org\/{rel}","templated":true}]}}