{"id":55248,"date":"2026-01-29T04:31:43","date_gmt":"2026-01-29T07:31:43","guid":{"rendered":"http:\/\/masquenoticiastucuman.com.ar\/?p=55248"},"modified":"2026-01-29T04:31:43","modified_gmt":"2026-01-29T07:31:43","slug":"las-lagrimas-de-lebron-james-en-cleveland-y-la-sensacion-de-una-despedida-no-se-si-es-la-ultima-vez-que-juego-aca","status":"publish","type":"post","link":"https:\/\/masquenoticiastucuman.com.ar\/?p=55248","title":{"rendered":"Las l\u00e1grimas de LeBron James en Cleveland y la sensaci\u00f3n de una despedida: &#8220;No s\u00e9 si es la \u00faltima vez que juego ac\u00e1&#8221;"},"content":{"rendered":"<ul>\n<li>El alero de los Lakers, de 41 a\u00f1os, fue homenajeado por los Cavaliers, se quebr\u00f3 durante un video y dej\u00f3 abierta la inc\u00f3gnita sobre su futuro.<\/li>\n<\/ul>\n<p>\u200bEl alero de los Lakers, de 41 a\u00f1os, fue homenajeado por los Cavaliers, se quebr\u00f3 durante un video y dej\u00f3 abierta la inc\u00f3gnita sobre su futuro.\u00a0<a href=\"https:\/\/www.clarin.com\/deportes\/lagrimas-lebron-james-cleveland-sensacion-despedida-ultima-vez-juego-aca_0_cbctn5W4JJ.html\" target=\"_blank\" class=\"feedzy-rss-link-icon\">Read More<\/a><\/p>","protected":false},"excerpt":{"rendered":"<p>El alero de los Lakers, de 41 a\u00f1os, fue homenajeado por los Cavaliers, se quebr\u00f3&#8230;<\/p>\n","protected":false},"author":1,"featured_media":0,"comment_status":"open","ping_status":"open","sticky":false,"template":"","format":"standard","meta":{"footnotes":""},"categories":[6],"tags":[],"class_list":["post-55248","post","type-post","status-publish","format-standard","has-post-thumbnail","hentry","category-deportes"],"_links":{"self":[{"href":"https:\/\/masquenoticiastucuman.com.ar\/index.php?rest_route=\/wp\/v2\/posts\/55248","targetHints":{"allow":["GET"]}}],"collection":[{"href":"https:\/\/masquenoticiastucuman.com.ar\/index.php?rest_route=\/wp\/v2\/posts"}],"about":[{"href":"https:\/\/masquenoticiastucuman.com.ar\/index.php?rest_route=\/wp\/v2\/types\/post"}],"author":[{"embeddable":true,"href":"https:\/\/masquenoticiastucuman.com.ar\/index.php?rest_route=\/wp\/v2\/users\/1"}],"replies":[{"embeddable":true,"href":"https:\/\/masquenoticiastucuman.com.ar\/index.php?rest_route=%2Fwp%2Fv2%2Fcomments&post=55248"}],"version-history":[{"count":0,"href":"https:\/\/masquenoticiastucuman.com.ar\/index.php?rest_route=\/wp\/v2\/posts\/55248\/revisions"}],"wp:attachment":[{"href":"https:\/\/masquenoticiastucuman.com.ar\/index.php?rest_route=%2Fwp%2Fv2%2Fmedia&parent=55248"}],"wp:term":[{"taxonomy":"category","embeddable":true,"href":"https:\/\/masquenoticiastucuman.com.ar\/index.php?rest_route=%2Fwp%2Fv2%2Fcategories&post=55248"},{"taxonomy":"post_tag","embeddable":true,"href":"https:\/\/masquenoticiastucuman.com.ar\/index.php?rest_route=%2Fwp%2Fv2%2Ftags&post=55248"}],"curies":[{"name":"wp","href":"https:\/\/api.w.org\/{rel}","templated":true}]}}