{"id":55250,"date":"2026-01-29T06:00:21","date_gmt":"2026-01-29T09:00:21","guid":{"rendered":"http:\/\/masquenoticiastucuman.com.ar\/?p=55250"},"modified":"2026-01-29T06:00:21","modified_gmt":"2026-01-29T09:00:21","slug":"novak-djokovic-aprovecho-la-maldicion-de-musetti-y-pasa-pagina-en-el-abierto-de-australia-contra-sinner-no-saldre-con-una-bandera-blanca","status":"publish","type":"post","link":"https:\/\/masquenoticiastucuman.com.ar\/?p=55250","title":{"rendered":"Novak Djokovic aprovech\u00f3 la maldici\u00f3n de Musetti y pasa p\u00e1gina en el Abierto de Australia: &#8220;Contra Sinner no saldr\u00e9 con una bandera blanca&#8221;"},"content":{"rendered":"<ul>\n<li>El serbio se benefici\u00f3 del retiro de Lorenzo Musetti cuando perd\u00eda 2 sets a 0.<\/li>\n<li>Ahora enfrentar\u00e1 al italiano, el n\u00famero 2 del mundo en semifinales.<\/li>\n<\/ul>\n<p>\u200bEl serbio se benefici\u00f3 del retiro de Lorenzo Musetti cuando perd\u00eda 2 sets a 0.Ahora enfrentar\u00e1 al italiano, el n\u00famero 2 del mundo en semifinales.\u00a0<a href=\"https:\/\/www.clarin.com\/deportes\/novak-djokovic-aprovecho-maldicion-musetti-pasa-pagina-abierto-australia-sinner-saldre-bandera-blanca_0_sO6xIW362m.html\" target=\"_blank\" class=\"feedzy-rss-link-icon\">Read More<\/a><\/p>","protected":false},"excerpt":{"rendered":"<p>El serbio se benefici\u00f3 del retiro de Lorenzo Musetti cuando perd\u00eda 2 sets a 0&#8230;.<\/p>\n","protected":false},"author":1,"featured_media":0,"comment_status":"open","ping_status":"open","sticky":false,"template":"","format":"standard","meta":{"footnotes":""},"categories":[6],"tags":[],"class_list":["post-55250","post","type-post","status-publish","format-standard","has-post-thumbnail","hentry","category-deportes"],"_links":{"self":[{"href":"https:\/\/masquenoticiastucuman.com.ar\/index.php?rest_route=\/wp\/v2\/posts\/55250","targetHints":{"allow":["GET"]}}],"collection":[{"href":"https:\/\/masquenoticiastucuman.com.ar\/index.php?rest_route=\/wp\/v2\/posts"}],"about":[{"href":"https:\/\/masquenoticiastucuman.com.ar\/index.php?rest_route=\/wp\/v2\/types\/post"}],"author":[{"embeddable":true,"href":"https:\/\/masquenoticiastucuman.com.ar\/index.php?rest_route=\/wp\/v2\/users\/1"}],"replies":[{"embeddable":true,"href":"https:\/\/masquenoticiastucuman.com.ar\/index.php?rest_route=%2Fwp%2Fv2%2Fcomments&post=55250"}],"version-history":[{"count":0,"href":"https:\/\/masquenoticiastucuman.com.ar\/index.php?rest_route=\/wp\/v2\/posts\/55250\/revisions"}],"wp:attachment":[{"href":"https:\/\/masquenoticiastucuman.com.ar\/index.php?rest_route=%2Fwp%2Fv2%2Fmedia&parent=55250"}],"wp:term":[{"taxonomy":"category","embeddable":true,"href":"https:\/\/masquenoticiastucuman.com.ar\/index.php?rest_route=%2Fwp%2Fv2%2Fcategories&post=55250"},{"taxonomy":"post_tag","embeddable":true,"href":"https:\/\/masquenoticiastucuman.com.ar\/index.php?rest_route=%2Fwp%2Fv2%2Ftags&post=55250"}],"curies":[{"name":"wp","href":"https:\/\/api.w.org\/{rel}","templated":true}]}}