{"id":55251,"date":"2026-01-29T06:00:20","date_gmt":"2026-01-29T09:00:20","guid":{"rendered":"http:\/\/masquenoticiastucuman.com.ar\/?p=55251"},"modified":"2026-01-29T06:00:20","modified_gmt":"2026-01-29T09:00:20","slug":"el-calendario-de-los-pumas-para-2026-cuando-y-donde-jugaran-la-novedosa-nations-championship-mas-los-test-matches-de-la-temporada","status":"publish","type":"post","link":"https:\/\/masquenoticiastucuman.com.ar\/?p=55251","title":{"rendered":"El calendario de Los Pumas para 2026: cu\u00e1ndo y d\u00f3nde jugar\u00e1n la novedosa Nations Championship m\u00e1s los test matches de la temporada"},"content":{"rendered":"<ul>\n<li>Sin el tradicional Rugby Championship, la planificaci\u00f3n del equipo de Felipe Contepomi se reorganiz\u00f3.<\/li>\n<li>El camino empezar\u00e1 frente a Escocia en C\u00f3rdoba.<\/li>\n<\/ul>\n<p>\u200bSin el tradicional Rugby Championship, la planificaci\u00f3n del equipo de Felipe Contepomi se reorganiz\u00f3.El camino empezar\u00e1 frente a Escocia en C\u00f3rdoba.\u00a0<a href=\"https:\/\/www.clarin.com\/deportes\/calendario-pumas-2026-jugaran-novedosa-nations-championship-test-matches-temporada_0_LuNPxm6wi8.html\" target=\"_blank\" class=\"feedzy-rss-link-icon\">Read More<\/a><\/p>","protected":false},"excerpt":{"rendered":"<p>Sin el tradicional Rugby Championship, la planificaci\u00f3n del equipo de Felipe Contepomi se reorganiz\u00f3. El&#8230;<\/p>\n","protected":false},"author":1,"featured_media":0,"comment_status":"open","ping_status":"open","sticky":false,"template":"","format":"standard","meta":{"footnotes":""},"categories":[6],"tags":[],"class_list":["post-55251","post","type-post","status-publish","format-standard","has-post-thumbnail","hentry","category-deportes"],"_links":{"self":[{"href":"https:\/\/masquenoticiastucuman.com.ar\/index.php?rest_route=\/wp\/v2\/posts\/55251","targetHints":{"allow":["GET"]}}],"collection":[{"href":"https:\/\/masquenoticiastucuman.com.ar\/index.php?rest_route=\/wp\/v2\/posts"}],"about":[{"href":"https:\/\/masquenoticiastucuman.com.ar\/index.php?rest_route=\/wp\/v2\/types\/post"}],"author":[{"embeddable":true,"href":"https:\/\/masquenoticiastucuman.com.ar\/index.php?rest_route=\/wp\/v2\/users\/1"}],"replies":[{"embeddable":true,"href":"https:\/\/masquenoticiastucuman.com.ar\/index.php?rest_route=%2Fwp%2Fv2%2Fcomments&post=55251"}],"version-history":[{"count":0,"href":"https:\/\/masquenoticiastucuman.com.ar\/index.php?rest_route=\/wp\/v2\/posts\/55251\/revisions"}],"wp:attachment":[{"href":"https:\/\/masquenoticiastucuman.com.ar\/index.php?rest_route=%2Fwp%2Fv2%2Fmedia&parent=55251"}],"wp:term":[{"taxonomy":"category","embeddable":true,"href":"https:\/\/masquenoticiastucuman.com.ar\/index.php?rest_route=%2Fwp%2Fv2%2Fcategories&post=55251"},{"taxonomy":"post_tag","embeddable":true,"href":"https:\/\/masquenoticiastucuman.com.ar\/index.php?rest_route=%2Fwp%2Fv2%2Ftags&post=55251"}],"curies":[{"name":"wp","href":"https:\/\/api.w.org\/{rel}","templated":true}]}}