{"id":55257,"date":"2026-01-29T09:23:34","date_gmt":"2026-01-29T12:23:34","guid":{"rendered":"http:\/\/masquenoticiastucuman.com.ar\/?p=55257"},"modified":"2026-01-29T09:23:34","modified_gmt":"2026-01-29T12:23:34","slug":"bono-de-70-000-para-jubilados-y-pensionados-quienes-lo-cobran-y-como-se-paga","status":"publish","type":"post","link":"https:\/\/masquenoticiastucuman.com.ar\/?p=55257","title":{"rendered":"Bono de $ 70.000 para jubilados y pensionados: qui\u00e9nes lo cobran y c\u00f3mo se paga"},"content":{"rendered":"<ul>\n<li>Como sucede todos los meses, la medida fue oficializada por decreto y beneficiar\u00e1 a m\u00e1s de un mill\u00f3n de adultos mayores que cobran el haber m\u00ednimo o pensiones asistenciales.<\/li>\n<\/ul>\n<p>\u200bComo sucede todos los meses, la medida fue oficializada por decreto y beneficiar\u00e1 a m\u00e1s de un mill\u00f3n de adultos mayores que cobran el haber m\u00ednimo o pensiones asistenciales.\u00a0<a href=\"https:\/\/www.clarin.com\/economia\/bono-70000-jubilados-pensionados-cobran-paga_0_oBOIZOoCzd.html\" target=\"_blank\" class=\"feedzy-rss-link-icon\">Read More<\/a><\/p>","protected":false},"excerpt":{"rendered":"<p>Como sucede todos los meses, la medida fue oficializada por decreto y beneficiar\u00e1 a m\u00e1s&#8230;<\/p>\n","protected":false},"author":1,"featured_media":0,"comment_status":"open","ping_status":"open","sticky":false,"template":"","format":"standard","meta":{"footnotes":""},"categories":[3],"tags":[],"class_list":["post-55257","post","type-post","status-publish","format-standard","has-post-thumbnail","hentry","category-nacionales"],"_links":{"self":[{"href":"https:\/\/masquenoticiastucuman.com.ar\/index.php?rest_route=\/wp\/v2\/posts\/55257","targetHints":{"allow":["GET"]}}],"collection":[{"href":"https:\/\/masquenoticiastucuman.com.ar\/index.php?rest_route=\/wp\/v2\/posts"}],"about":[{"href":"https:\/\/masquenoticiastucuman.com.ar\/index.php?rest_route=\/wp\/v2\/types\/post"}],"author":[{"embeddable":true,"href":"https:\/\/masquenoticiastucuman.com.ar\/index.php?rest_route=\/wp\/v2\/users\/1"}],"replies":[{"embeddable":true,"href":"https:\/\/masquenoticiastucuman.com.ar\/index.php?rest_route=%2Fwp%2Fv2%2Fcomments&post=55257"}],"version-history":[{"count":0,"href":"https:\/\/masquenoticiastucuman.com.ar\/index.php?rest_route=\/wp\/v2\/posts\/55257\/revisions"}],"wp:attachment":[{"href":"https:\/\/masquenoticiastucuman.com.ar\/index.php?rest_route=%2Fwp%2Fv2%2Fmedia&parent=55257"}],"wp:term":[{"taxonomy":"category","embeddable":true,"href":"https:\/\/masquenoticiastucuman.com.ar\/index.php?rest_route=%2Fwp%2Fv2%2Fcategories&post=55257"},{"taxonomy":"post_tag","embeddable":true,"href":"https:\/\/masquenoticiastucuman.com.ar\/index.php?rest_route=%2Fwp%2Fv2%2Ftags&post=55257"}],"curies":[{"name":"wp","href":"https:\/\/api.w.org\/{rel}","templated":true}]}}