{"id":57350,"date":"2026-03-02T00:26:38","date_gmt":"2026-03-02T03:26:38","guid":{"rendered":"http:\/\/masquenoticiastucuman.com.ar\/?p=57350"},"modified":"2026-03-02T00:26:38","modified_gmt":"2026-03-02T03:26:38","slug":"milei-apunto-contra-techint-y-fate-por-los-precios-prometio-profundizar-la-apertura-economica-y-mas-privatizaciones","status":"publish","type":"post","link":"https:\/\/masquenoticiastucuman.com.ar\/?p=57350","title":{"rendered":"Milei apunt\u00f3 contra Techint y Fate por los precios, prometi\u00f3 profundizar la apertura econ\u00f3mica y m\u00e1s privatizaciones"},"content":{"rendered":"<ul>\n<li>Prometi\u00f3 90 paquetes de reformas.<\/li>\n<li>Dijo que los empresarios son &#8220;prebendarios&#8221; .<\/li>\n<li>Prometi\u00f3 continuar con la baja de retenciones.<\/li>\n<\/ul>\n<p>\u200bPrometi\u00f3 90 paquetes de reformas.Dijo que los empresarios son &#8220;prebendarios&#8221; .Prometi\u00f3 continuar con la baja de retenciones.\u00a0<a href=\"https:\/\/www.clarin.com\/economia\/milei-apunto-techint-fate-precios-prometio-profundizar-apertura-economica-privatizaciones_0_xKNUxqhZtW.html\" target=\"_blank\" class=\"feedzy-rss-link-icon\">Read More<\/a><\/p>","protected":false},"excerpt":{"rendered":"<p>Prometi\u00f3 90 paquetes de reformas. Dijo que los empresarios son &#8220;prebendarios&#8221; . Prometi\u00f3 continuar con&#8230;<\/p>\n","protected":false},"author":1,"featured_media":0,"comment_status":"open","ping_status":"open","sticky":false,"template":"","format":"standard","meta":{"footnotes":""},"categories":[3],"tags":[],"class_list":["post-57350","post","type-post","status-publish","format-standard","has-post-thumbnail","hentry","category-nacionales"],"_links":{"self":[{"href":"https:\/\/masquenoticiastucuman.com.ar\/index.php?rest_route=\/wp\/v2\/posts\/57350","targetHints":{"allow":["GET"]}}],"collection":[{"href":"https:\/\/masquenoticiastucuman.com.ar\/index.php?rest_route=\/wp\/v2\/posts"}],"about":[{"href":"https:\/\/masquenoticiastucuman.com.ar\/index.php?rest_route=\/wp\/v2\/types\/post"}],"author":[{"embeddable":true,"href":"https:\/\/masquenoticiastucuman.com.ar\/index.php?rest_route=\/wp\/v2\/users\/1"}],"replies":[{"embeddable":true,"href":"https:\/\/masquenoticiastucuman.com.ar\/index.php?rest_route=%2Fwp%2Fv2%2Fcomments&post=57350"}],"version-history":[{"count":0,"href":"https:\/\/masquenoticiastucuman.com.ar\/index.php?rest_route=\/wp\/v2\/posts\/57350\/revisions"}],"wp:attachment":[{"href":"https:\/\/masquenoticiastucuman.com.ar\/index.php?rest_route=%2Fwp%2Fv2%2Fmedia&parent=57350"}],"wp:term":[{"taxonomy":"category","embeddable":true,"href":"https:\/\/masquenoticiastucuman.com.ar\/index.php?rest_route=%2Fwp%2Fv2%2Fcategories&post=57350"},{"taxonomy":"post_tag","embeddable":true,"href":"https:\/\/masquenoticiastucuman.com.ar\/index.php?rest_route=%2Fwp%2Fv2%2Ftags&post=57350"}],"curies":[{"name":"wp","href":"https:\/\/api.w.org\/{rel}","templated":true}]}}