{"id":57353,"date":"2026-03-02T04:46:05","date_gmt":"2026-03-02T07:46:05","guid":{"rendered":"http:\/\/masquenoticiastucuman.com.ar\/?p=57353"},"modified":"2026-03-02T04:46:05","modified_gmt":"2026-03-02T07:46:05","slug":"estados-unidos-e-israel-atacan-a-iran-en-vivo-las-fuerzas-de-defensa-israelies-identificaron-misiles-iranies-lanzados-hacia-su-territorio","status":"publish","type":"post","link":"https:\/\/masquenoticiastucuman.com.ar\/?p=57353","title":{"rendered":"Estados Unidos e Israel atacan a Ir\u00e1n, EN VIVO: las Fuerzas de Defensa israel\u00edes identificaron misiles iran\u00edes lanzados hacia su territorio"},"content":{"rendered":"<ul>\n<li>Tras activarse las alarmas, se informaron explosiones en Jerusal\u00e9n y Tel Aviv.<\/li>\n<li>Por su parte, el Ej\u00e9rcito israel\u00ed efectu\u00f3 una ola de ataques contra Hezbollah &#8220;en todo L\u00edbano&#8221;.<\/li>\n<li>Ir\u00e1n advirti\u00f3 que no negociar\u00e1 con Estados Unidos<\/li>\n<\/ul>\n<p>\u200bTras activarse las alarmas, se informaron explosiones en Jerusal\u00e9n y Tel Aviv.Por su parte, el Ej\u00e9rcito israel\u00ed efectu\u00f3 una ola de ataques contra Hezbollah &#8220;en todo L\u00edbano&#8221;.Ir\u00e1n advirti\u00f3 que no negociar\u00e1 con Estados Unidos\u00a0<a href=\"https:\/\/www.clarin.com\/mundo\/estados-unidos-israel-atacan-iran-vivo-fuerzas-defensa-israelies-identificaron-misiles-iranies-lanzados-territorio_0_2i8KD05K54.html\" target=\"_blank\" class=\"feedzy-rss-link-icon\">Read More<\/a><\/p>","protected":false},"excerpt":{"rendered":"<p>Tras activarse las alarmas, se informaron explosiones en Jerusal\u00e9n y Tel Aviv. Por su parte,&#8230;<\/p>\n","protected":false},"author":1,"featured_media":57354,"comment_status":"open","ping_status":"open","sticky":false,"template":"","format":"standard","meta":{"footnotes":""},"categories":[4],"tags":[],"class_list":["post-57353","post","type-post","status-publish","format-standard","has-post-thumbnail","hentry","category-internacionales"],"_links":{"self":[{"href":"https:\/\/masquenoticiastucuman.com.ar\/index.php?rest_route=\/wp\/v2\/posts\/57353","targetHints":{"allow":["GET"]}}],"collection":[{"href":"https:\/\/masquenoticiastucuman.com.ar\/index.php?rest_route=\/wp\/v2\/posts"}],"about":[{"href":"https:\/\/masquenoticiastucuman.com.ar\/index.php?rest_route=\/wp\/v2\/types\/post"}],"author":[{"embeddable":true,"href":"https:\/\/masquenoticiastucuman.com.ar\/index.php?rest_route=\/wp\/v2\/users\/1"}],"replies":[{"embeddable":true,"href":"https:\/\/masquenoticiastucuman.com.ar\/index.php?rest_route=%2Fwp%2Fv2%2Fcomments&post=57353"}],"version-history":[{"count":0,"href":"https:\/\/masquenoticiastucuman.com.ar\/index.php?rest_route=\/wp\/v2\/posts\/57353\/revisions"}],"wp:featuredmedia":[{"embeddable":true,"href":"https:\/\/masquenoticiastucuman.com.ar\/index.php?rest_route=\/wp\/v2\/media\/57354"}],"wp:attachment":[{"href":"https:\/\/masquenoticiastucuman.com.ar\/index.php?rest_route=%2Fwp%2Fv2%2Fmedia&parent=57353"}],"wp:term":[{"taxonomy":"category","embeddable":true,"href":"https:\/\/masquenoticiastucuman.com.ar\/index.php?rest_route=%2Fwp%2Fv2%2Fcategories&post=57353"},{"taxonomy":"post_tag","embeddable":true,"href":"https:\/\/masquenoticiastucuman.com.ar\/index.php?rest_route=%2Fwp%2Fv2%2Ftags&post=57353"}],"curies":[{"name":"wp","href":"https:\/\/api.w.org\/{rel}","templated":true}]}}