{"id":57365,"date":"2026-03-02T08:57:07","date_gmt":"2026-03-02T11:57:07","guid":{"rendered":"http:\/\/masquenoticiastucuman.com.ar\/?p=57365"},"modified":"2026-03-02T08:57:07","modified_gmt":"2026-03-02T11:57:07","slug":"francisco-paoltroni-comer-carne-vacuna-en-el-mundo-es-un-lujo-y-argentina-va-camino-a-esa-normalidad","status":"publish","type":"post","link":"https:\/\/masquenoticiastucuman.com.ar\/?p=57365","title":{"rendered":"Francisco Paoltroni: \u201cComer carne vacuna en el mundo es un lujo y Argentina va camino a esa normalidad\u201d"},"content":{"rendered":"<ul>\n<li>El senador nacional y productor agropecuario sostuvo que el hist\u00f3rico atraso en el precio de la carne afect\u00f3 el desarrollo ganadero.<\/li>\n<li>Defendi\u00f3 la recomposici\u00f3n de valores como parte de una \u201cnormalidad mundial\u201d.<\/li>\n<\/ul>\n<p>\u200bEl senador nacional y productor agropecuario sostuvo que el hist\u00f3rico atraso en el precio de la carne afect\u00f3 el desarrollo ganadero.Defendi\u00f3 la recomposici\u00f3n de valores como parte de una \u201cnormalidad mundial\u201d.\u00a0<a href=\"https:\/\/www.clarin.com\/rural\/francisco-paoltroni-comer-carne-vacuna-mundo-lujo-argentina-va-camino-normalidad_0_Ekyt8JAbV2.html\" target=\"_blank\" class=\"feedzy-rss-link-icon\">Read More<\/a><\/p>","protected":false},"excerpt":{"rendered":"<p>El senador nacional y productor agropecuario sostuvo que el hist\u00f3rico atraso en el precio de&#8230;<\/p>\n","protected":false},"author":1,"featured_media":0,"comment_status":"open","ping_status":"open","sticky":false,"template":"","format":"standard","meta":{"footnotes":""},"categories":[3],"tags":[],"class_list":["post-57365","post","type-post","status-publish","format-standard","has-post-thumbnail","hentry","category-nacionales"],"_links":{"self":[{"href":"https:\/\/masquenoticiastucuman.com.ar\/index.php?rest_route=\/wp\/v2\/posts\/57365","targetHints":{"allow":["GET"]}}],"collection":[{"href":"https:\/\/masquenoticiastucuman.com.ar\/index.php?rest_route=\/wp\/v2\/posts"}],"about":[{"href":"https:\/\/masquenoticiastucuman.com.ar\/index.php?rest_route=\/wp\/v2\/types\/post"}],"author":[{"embeddable":true,"href":"https:\/\/masquenoticiastucuman.com.ar\/index.php?rest_route=\/wp\/v2\/users\/1"}],"replies":[{"embeddable":true,"href":"https:\/\/masquenoticiastucuman.com.ar\/index.php?rest_route=%2Fwp%2Fv2%2Fcomments&post=57365"}],"version-history":[{"count":0,"href":"https:\/\/masquenoticiastucuman.com.ar\/index.php?rest_route=\/wp\/v2\/posts\/57365\/revisions"}],"wp:attachment":[{"href":"https:\/\/masquenoticiastucuman.com.ar\/index.php?rest_route=%2Fwp%2Fv2%2Fmedia&parent=57365"}],"wp:term":[{"taxonomy":"category","embeddable":true,"href":"https:\/\/masquenoticiastucuman.com.ar\/index.php?rest_route=%2Fwp%2Fv2%2Fcategories&post=57365"},{"taxonomy":"post_tag","embeddable":true,"href":"https:\/\/masquenoticiastucuman.com.ar\/index.php?rest_route=%2Fwp%2Fv2%2Ftags&post=57365"}],"curies":[{"name":"wp","href":"https:\/\/api.w.org\/{rel}","templated":true}]}}