{"id":57366,"date":"2026-03-02T08:57:02","date_gmt":"2026-03-02T11:57:02","guid":{"rendered":"http:\/\/masquenoticiastucuman.com.ar\/?p=57366"},"modified":"2026-03-02T08:57:02","modified_gmt":"2026-03-02T11:57:02","slug":"otro-record-mas-de-faustino-oro-jugara-la-olimpiada-de-ajedrez-para-argentina-con-apenas-12-anos","status":"publish","type":"post","link":"https:\/\/masquenoticiastucuman.com.ar\/?p=57366","title":{"rendered":"Otro r\u00e9cord m\u00e1s de Faustino Oro: jugar\u00e1 la Olimp\u00edada de ajedrez para Argentina con apenas 12 a\u00f1os"},"content":{"rendered":"<ul>\n<li><strong>Clar\u00edn <\/strong>pudo confirmar que el prodigio y su familia aceptaron la convocatoria del seleccionador Sergio Slipak.<\/li>\n<li>El torneo bienal por equipos se disputar\u00e1 en septiembre en Uzbekist\u00e1n.<\/li>\n<li><em>Fausti <\/em>ser\u00e1 el argentino m\u00e1s joven de la historia en competir en ese campeonato.<\/li>\n<\/ul>\n<p>\u200bClar\u00edn pudo confirmar que el prodigio y su familia aceptaron la convocatoria del seleccionador Sergio Slipak.El torneo bienal por equipos se disputar\u00e1 en septiembre en Uzbekist\u00e1n.Fausti ser\u00e1 el argentino m\u00e1s joven de la historia en competir en ese campeonato.\u00a0<a href=\"https:\/\/www.clarin.com\/deportes\/record-faustino-oro-jugara-olimpiada-ajedrez-argentina-apenas-12-anos_0_eyteTLO9gL.html\" target=\"_blank\" class=\"feedzy-rss-link-icon\">Read More<\/a><\/p>","protected":false},"excerpt":{"rendered":"<p>Clar\u00edn pudo confirmar que el prodigio y su familia aceptaron la convocatoria del seleccionador Sergio&#8230;<\/p>\n","protected":false},"author":1,"featured_media":0,"comment_status":"open","ping_status":"open","sticky":false,"template":"","format":"standard","meta":{"footnotes":""},"categories":[6],"tags":[],"class_list":["post-57366","post","type-post","status-publish","format-standard","has-post-thumbnail","hentry","category-deportes"],"_links":{"self":[{"href":"https:\/\/masquenoticiastucuman.com.ar\/index.php?rest_route=\/wp\/v2\/posts\/57366","targetHints":{"allow":["GET"]}}],"collection":[{"href":"https:\/\/masquenoticiastucuman.com.ar\/index.php?rest_route=\/wp\/v2\/posts"}],"about":[{"href":"https:\/\/masquenoticiastucuman.com.ar\/index.php?rest_route=\/wp\/v2\/types\/post"}],"author":[{"embeddable":true,"href":"https:\/\/masquenoticiastucuman.com.ar\/index.php?rest_route=\/wp\/v2\/users\/1"}],"replies":[{"embeddable":true,"href":"https:\/\/masquenoticiastucuman.com.ar\/index.php?rest_route=%2Fwp%2Fv2%2Fcomments&post=57366"}],"version-history":[{"count":0,"href":"https:\/\/masquenoticiastucuman.com.ar\/index.php?rest_route=\/wp\/v2\/posts\/57366\/revisions"}],"wp:attachment":[{"href":"https:\/\/masquenoticiastucuman.com.ar\/index.php?rest_route=%2Fwp%2Fv2%2Fmedia&parent=57366"}],"wp:term":[{"taxonomy":"category","embeddable":true,"href":"https:\/\/masquenoticiastucuman.com.ar\/index.php?rest_route=%2Fwp%2Fv2%2Fcategories&post=57366"},{"taxonomy":"post_tag","embeddable":true,"href":"https:\/\/masquenoticiastucuman.com.ar\/index.php?rest_route=%2Fwp%2Fv2%2Ftags&post=57366"}],"curies":[{"name":"wp","href":"https:\/\/api.w.org\/{rel}","templated":true}]}}