{"id":57433,"date":"2026-03-03T00:01:36","date_gmt":"2026-03-03T03:01:36","guid":{"rendered":"http:\/\/masquenoticiastucuman.com.ar\/?p=57433"},"modified":"2026-03-03T00:01:36","modified_gmt":"2026-03-03T03:01:36","slug":"a-100-dias-del-mundial-2026-argentina-rodeada-de-incertidumbre-la-posible-ausencia-de-iran-por-la-guerra-y-precios-voladores-para-los-hinchas","status":"publish","type":"post","link":"https:\/\/masquenoticiastucuman.com.ar\/?p=57433","title":{"rendered":"A 100 d\u00edas del Mundial 2026: Argentina rodeada de incertidumbre, la posible ausencia de Ir\u00e1n por la guerra y precios voladores para los hinchas"},"content":{"rendered":"<ul>\n<li>La Scaloneta campeona del mundo espera por la decisi\u00f3n de Conmebol y UEFA respecto de la Finalissima vs Espa\u00f1a.<\/li>\n<li>La Selecci\u00f3n iran\u00ed, clasificada, podr\u00eda no participar tras el inicio de la guerra con Estados Unidos, donde deber\u00e1 jugar sus tres encuentros de la fase de grupos. Si no se presenta, beneficiar\u00eda a un pa\u00eds sudamericano. <\/li>\n<li>Mientras, las entradas son casi imposibles de adquirir por precio y demanda.<\/li>\n<\/ul>\n<p>\u200bLa Scaloneta campeona del mundo espera por la decisi\u00f3n de Conmebol y UEFA respecto de la Finalissima vs Espa\u00f1a.La Selecci\u00f3n iran\u00ed, clasificada, podr\u00eda no participar tras el inicio de la guerra con Estados Unidos, donde deber\u00e1 jugar sus tres encuentros de la fase de grupos. Si no se presenta, beneficiar\u00eda a un pa\u00eds sudamericano. Mientras, las entradas son casi imposibles de adquirir por precio y demanda.\u00a0<a href=\"https:\/\/www.clarin.com\/deportes\/100-dias-mundial-2026-argentina-rodeada-incertidumbre-posible-ausencia-iran-guerra-precios-voladores-hinchas_0_UNND49vSzY.html\" target=\"_blank\" class=\"feedzy-rss-link-icon\">Read More<\/a><\/p>","protected":false},"excerpt":{"rendered":"<p>La Scaloneta campeona del mundo espera por la decisi\u00f3n de Conmebol y UEFA respecto de&#8230;<\/p>\n","protected":false},"author":1,"featured_media":0,"comment_status":"open","ping_status":"open","sticky":false,"template":"","format":"standard","meta":{"footnotes":""},"categories":[6],"tags":[],"class_list":["post-57433","post","type-post","status-publish","format-standard","has-post-thumbnail","hentry","category-deportes"],"_links":{"self":[{"href":"https:\/\/masquenoticiastucuman.com.ar\/index.php?rest_route=\/wp\/v2\/posts\/57433","targetHints":{"allow":["GET"]}}],"collection":[{"href":"https:\/\/masquenoticiastucuman.com.ar\/index.php?rest_route=\/wp\/v2\/posts"}],"about":[{"href":"https:\/\/masquenoticiastucuman.com.ar\/index.php?rest_route=\/wp\/v2\/types\/post"}],"author":[{"embeddable":true,"href":"https:\/\/masquenoticiastucuman.com.ar\/index.php?rest_route=\/wp\/v2\/users\/1"}],"replies":[{"embeddable":true,"href":"https:\/\/masquenoticiastucuman.com.ar\/index.php?rest_route=%2Fwp%2Fv2%2Fcomments&post=57433"}],"version-history":[{"count":0,"href":"https:\/\/masquenoticiastucuman.com.ar\/index.php?rest_route=\/wp\/v2\/posts\/57433\/revisions"}],"wp:attachment":[{"href":"https:\/\/masquenoticiastucuman.com.ar\/index.php?rest_route=%2Fwp%2Fv2%2Fmedia&parent=57433"}],"wp:term":[{"taxonomy":"category","embeddable":true,"href":"https:\/\/masquenoticiastucuman.com.ar\/index.php?rest_route=%2Fwp%2Fv2%2Fcategories&post=57433"},{"taxonomy":"post_tag","embeddable":true,"href":"https:\/\/masquenoticiastucuman.com.ar\/index.php?rest_route=%2Fwp%2Fv2%2Ftags&post=57433"}],"curies":[{"name":"wp","href":"https:\/\/api.w.org\/{rel}","templated":true}]}}