{"id":58311,"date":"2026-03-15T11:12:35","date_gmt":"2026-03-15T14:12:35","guid":{"rendered":"https:\/\/masquenoticiastucuman.com.ar\/?p=58311"},"modified":"2026-03-15T11:12:35","modified_gmt":"2026-03-15T14:12:35","slug":"bajo-el-agua-y-las-familias-vuelven-a-sus-hogares-con-apoyo-del-gobierno-provincial","status":"publish","type":"post","link":"https:\/\/masquenoticiastucuman.com.ar\/?p=58311","title":{"rendered":"Baj\u00f3 el agua y las familias vuelven a sus hogares con apoyo del Gobierno provincial"},"content":{"rendered":"\n<p>En el marco del operativo de recuperaci\u00f3n que despleg\u00f3 el Gobierno de Tucum\u00e1n en la localidad de La Madrid, se registraron im\u00e1genes a\u00e9reas que mostraron el descenso total del agua luego de las intensas inundaciones que afectaron a la zona en los \u00faltimos d\u00edas.<\/p>\n\n\n\n<p>El registro visual de este s\u00e1bado permiti\u00f3 observar con claridad el estado actual del pueblo tras el fen\u00f3meno clim\u00e1tico. Las tomas a\u00e9reas evidenciaron calles, viviendas y espacios p\u00fablicos sin acumulaci\u00f3n de agua, lo que confirm\u00f3 una mejora en las condiciones generales del lugar.<\/p>\n\n\n\n<p>El material se produjo como parte del seguimiento que realizaron equipos provinciales durante las tareas de asistencia y recuperaci\u00f3n en el territorio. El operativo incluy\u00f3 trabajos de limpieza, relevamiento de da\u00f1os y acompa\u00f1amiento a las familias afectadas.<\/p>\n\n\n\n<p>Las im\u00e1genes tambi\u00e9n sirvieron para documentar el avance del proceso de normalizaci\u00f3n en la localidad. Este registro permiti\u00f3 dimensionar el impacto del temporal y el progreso de las acciones que impuls\u00f3 el Gobierno provincial para restituir las condiciones de habitabilidad.<\/p>\n\n\n\n<p>Desde la Provincia destacaron que el operativo contin\u00faa con tareas de acondicionamiento urbano y asistencia a los vecinos, con el objetivo de consolidar la recuperaci\u00f3n de la localidad y restablecer plenamente la vida cotidiana en La Madrid.<\/p>\n","protected":false},"excerpt":{"rendered":"<p>En el marco del operativo de recuperaci\u00f3n que despleg\u00f3 el Gobierno de Tucum\u00e1n en la&#8230;<\/p>\n","protected":false},"author":2,"featured_media":58312,"comment_status":"open","ping_status":"open","sticky":false,"template":"","format":"standard","meta":{"footnotes":""},"categories":[2],"tags":[],"class_list":["post-58311","post","type-post","status-publish","format-standard","has-post-thumbnail","hentry","category-locales"],"_links":{"self":[{"href":"https:\/\/masquenoticiastucuman.com.ar\/index.php?rest_route=\/wp\/v2\/posts\/58311","targetHints":{"allow":["GET"]}}],"collection":[{"href":"https:\/\/masquenoticiastucuman.com.ar\/index.php?rest_route=\/wp\/v2\/posts"}],"about":[{"href":"https:\/\/masquenoticiastucuman.com.ar\/index.php?rest_route=\/wp\/v2\/types\/post"}],"author":[{"embeddable":true,"href":"https:\/\/masquenoticiastucuman.com.ar\/index.php?rest_route=\/wp\/v2\/users\/2"}],"replies":[{"embeddable":true,"href":"https:\/\/masquenoticiastucuman.com.ar\/index.php?rest_route=%2Fwp%2Fv2%2Fcomments&post=58311"}],"version-history":[{"count":1,"href":"https:\/\/masquenoticiastucuman.com.ar\/index.php?rest_route=\/wp\/v2\/posts\/58311\/revisions"}],"predecessor-version":[{"id":58313,"href":"https:\/\/masquenoticiastucuman.com.ar\/index.php?rest_route=\/wp\/v2\/posts\/58311\/revisions\/58313"}],"wp:featuredmedia":[{"embeddable":true,"href":"https:\/\/masquenoticiastucuman.com.ar\/index.php?rest_route=\/wp\/v2\/media\/58312"}],"wp:attachment":[{"href":"https:\/\/masquenoticiastucuman.com.ar\/index.php?rest_route=%2Fwp%2Fv2%2Fmedia&parent=58311"}],"wp:term":[{"taxonomy":"category","embeddable":true,"href":"https:\/\/masquenoticiastucuman.com.ar\/index.php?rest_route=%2Fwp%2Fv2%2Fcategories&post=58311"},{"taxonomy":"post_tag","embeddable":true,"href":"https:\/\/masquenoticiastucuman.com.ar\/index.php?rest_route=%2Fwp%2Fv2%2Ftags&post=58311"}],"curies":[{"name":"wp","href":"https:\/\/api.w.org\/{rel}","templated":true}]}}