{"id":58333,"date":"2026-03-15T16:18:19","date_gmt":"2026-03-15T19:18:19","guid":{"rendered":"http:\/\/masquenoticiastucuman.com.ar\/?p=58333"},"modified":"2026-03-15T16:18:19","modified_gmt":"2026-03-15T19:18:19","slug":"tambien-en-las-actividades-que-crecen-hubo-perdida-de-empleo-asalariado-privado","status":"publish","type":"post","link":"https:\/\/masquenoticiastucuman.com.ar\/?p=58333","title":{"rendered":"Tambi\u00e9n en las actividades que crecen, hubo p\u00e9rdida de empleo asalariado privado"},"content":{"rendered":"<ul>\n<li>Son datos de la Secretar\u00eda de Trabajo: en dos a\u00f1os el sector bancario redujo en 5.059 empleos sus dotaci\u00f3n de personal. <\/li>\n<li>Otro sector en expansi\u00f3n como miner\u00eda registr\u00f3 en dos a\u00f1os 8.788 menores puestos de trabajo. Los m\u00e1s castigados: industria manufacturera y construcci\u00f3n.<\/li>\n<\/ul>\n<p>\u200bSon datos de la Secretar\u00eda de Trabajo: en dos a\u00f1os el sector bancario redujo en 5.059 empleos sus dotaci\u00f3n de personal. Otro sector en expansi\u00f3n como miner\u00eda registr\u00f3 en dos a\u00f1os 8.788 menores puestos de trabajo. Los m\u00e1s castigados: industria manufacturera y construcci\u00f3n.\u00a0<a href=\"https:\/\/www.clarin.com\/economia\/actividades-crecen-perdida-empleo-asalariado-privado_0_zbW7WYq6WR.html\" target=\"_blank\" class=\"feedzy-rss-link-icon\">Read More<\/a><\/p>","protected":false},"excerpt":{"rendered":"<p>Son datos de la Secretar\u00eda de Trabajo: en dos a\u00f1os el sector bancario redujo en&#8230;<\/p>\n","protected":false},"author":1,"featured_media":0,"comment_status":"open","ping_status":"open","sticky":false,"template":"","format":"standard","meta":{"footnotes":""},"categories":[3],"tags":[],"class_list":["post-58333","post","type-post","status-publish","format-standard","has-post-thumbnail","hentry","category-nacionales"],"_links":{"self":[{"href":"https:\/\/masquenoticiastucuman.com.ar\/index.php?rest_route=\/wp\/v2\/posts\/58333","targetHints":{"allow":["GET"]}}],"collection":[{"href":"https:\/\/masquenoticiastucuman.com.ar\/index.php?rest_route=\/wp\/v2\/posts"}],"about":[{"href":"https:\/\/masquenoticiastucuman.com.ar\/index.php?rest_route=\/wp\/v2\/types\/post"}],"author":[{"embeddable":true,"href":"https:\/\/masquenoticiastucuman.com.ar\/index.php?rest_route=\/wp\/v2\/users\/1"}],"replies":[{"embeddable":true,"href":"https:\/\/masquenoticiastucuman.com.ar\/index.php?rest_route=%2Fwp%2Fv2%2Fcomments&post=58333"}],"version-history":[{"count":0,"href":"https:\/\/masquenoticiastucuman.com.ar\/index.php?rest_route=\/wp\/v2\/posts\/58333\/revisions"}],"wp:attachment":[{"href":"https:\/\/masquenoticiastucuman.com.ar\/index.php?rest_route=%2Fwp%2Fv2%2Fmedia&parent=58333"}],"wp:term":[{"taxonomy":"category","embeddable":true,"href":"https:\/\/masquenoticiastucuman.com.ar\/index.php?rest_route=%2Fwp%2Fv2%2Fcategories&post=58333"},{"taxonomy":"post_tag","embeddable":true,"href":"https:\/\/masquenoticiastucuman.com.ar\/index.php?rest_route=%2Fwp%2Fv2%2Ftags&post=58333"}],"curies":[{"name":"wp","href":"https:\/\/api.w.org\/{rel}","templated":true}]}}