{"id":58342,"date":"2026-03-15T18:29:12","date_gmt":"2026-03-15T21:29:12","guid":{"rendered":"http:\/\/masquenoticiastucuman.com.ar\/?p=58342"},"modified":"2026-03-15T18:29:12","modified_gmt":"2026-03-15T21:29:12","slug":"elecciones-municipales-en-francia-el-socialismo-gana-en-paris-pero-debera-disputar-el-balotaje","status":"publish","type":"post","link":"https:\/\/masquenoticiastucuman.com.ar\/?p=58342","title":{"rendered":"Elecciones municipales en Francia: el socialismo gana en Par\u00eds pero deber\u00e1 disputar el balotaje"},"content":{"rendered":"<ul>\n<li>Los candidatos socialistas llegaron en cabeza en la primera vuelta de las municipales francesas en la capital y Marsella, las dos principales ciudades del pa\u00eds, en las que ya gobernaban, seg\u00fan las estimaciones de voto de los diferentes medios.<\/li>\n<li>En la capital, Emmanuel Gr\u00e9goire, que concurre asociado con comunistas y ecologistas, logr\u00f3 el 36% de los votos, por delante de la conservadora Rachida Dati, que se qued\u00f3 en el 24%, una ventaja superior a lo que auguraban los sondeos. <\/li>\n<\/ul>\n<p>\u200bLos candidatos socialistas llegaron en cabeza en la primera vuelta de las municipales francesas en la capital y Marsella, las dos principales ciudades del pa\u00eds, en las que ya gobernaban, seg\u00fan las estimaciones de voto de los diferentes medios.En la capital, Emmanuel Gr\u00e9goire, que concurre asociado con comunistas y ecologistas, logr\u00f3 el 36% de los votos, por delante de la conservadora Rachida Dati, que se qued\u00f3 en el 24%, una ventaja superior a lo que auguraban los sondeos.\u00a0<a href=\"https:\/\/www.clarin.com\/mundo\/elecciones-municipales-francia-socialismo-gana-paris-debera-disputar-balotaje_0_i3azVRPVXT.html\" target=\"_blank\" class=\"feedzy-rss-link-icon\">Read More<\/a><\/p>","protected":false},"excerpt":{"rendered":"<p>Los candidatos socialistas llegaron en cabeza en la primera vuelta de las municipales francesas en&#8230;<\/p>\n","protected":false},"author":1,"featured_media":58343,"comment_status":"open","ping_status":"open","sticky":false,"template":"","format":"standard","meta":{"footnotes":""},"categories":[4],"tags":[],"class_list":["post-58342","post","type-post","status-publish","format-standard","has-post-thumbnail","hentry","category-internacionales"],"_links":{"self":[{"href":"https:\/\/masquenoticiastucuman.com.ar\/index.php?rest_route=\/wp\/v2\/posts\/58342","targetHints":{"allow":["GET"]}}],"collection":[{"href":"https:\/\/masquenoticiastucuman.com.ar\/index.php?rest_route=\/wp\/v2\/posts"}],"about":[{"href":"https:\/\/masquenoticiastucuman.com.ar\/index.php?rest_route=\/wp\/v2\/types\/post"}],"author":[{"embeddable":true,"href":"https:\/\/masquenoticiastucuman.com.ar\/index.php?rest_route=\/wp\/v2\/users\/1"}],"replies":[{"embeddable":true,"href":"https:\/\/masquenoticiastucuman.com.ar\/index.php?rest_route=%2Fwp%2Fv2%2Fcomments&post=58342"}],"version-history":[{"count":0,"href":"https:\/\/masquenoticiastucuman.com.ar\/index.php?rest_route=\/wp\/v2\/posts\/58342\/revisions"}],"wp:featuredmedia":[{"embeddable":true,"href":"https:\/\/masquenoticiastucuman.com.ar\/index.php?rest_route=\/wp\/v2\/media\/58343"}],"wp:attachment":[{"href":"https:\/\/masquenoticiastucuman.com.ar\/index.php?rest_route=%2Fwp%2Fv2%2Fmedia&parent=58342"}],"wp:term":[{"taxonomy":"category","embeddable":true,"href":"https:\/\/masquenoticiastucuman.com.ar\/index.php?rest_route=%2Fwp%2Fv2%2Fcategories&post=58342"},{"taxonomy":"post_tag","embeddable":true,"href":"https:\/\/masquenoticiastucuman.com.ar\/index.php?rest_route=%2Fwp%2Fv2%2Ftags&post=58342"}],"curies":[{"name":"wp","href":"https:\/\/api.w.org\/{rel}","templated":true}]}}