{"id":58344,"date":"2026-03-15T17:11:12","date_gmt":"2026-03-15T20:11:12","guid":{"rendered":"http:\/\/masquenoticiastucuman.com.ar\/?p=58344"},"modified":"2026-03-15T17:11:12","modified_gmt":"2026-03-15T20:11:12","slug":"murio-napoleon-becerra-candidato-a-presidente-de-peru-en-un-accidente-de-transito","status":"publish","type":"post","link":"https:\/\/masquenoticiastucuman.com.ar\/?p=58344","title":{"rendered":"Muri\u00f3 Napole\u00f3n Becerra, candidato a presidente de Per\u00fa, en un accidente de tr\u00e1nsito"},"content":{"rendered":"<ul>\n<li>Ten\u00eda 67 a\u00f1os y lideraba el Partido de los Trabajadores y Emprendedores (PTE-Per\u00fa).<\/li>\n<li>Su camioneta cay\u00f3 a una cuneta al lado del camino por causas a\u00fan no precisadas cuando se dirig\u00eda a una actividad de campa\u00f1a en el sur del pa\u00eds.<\/li>\n<\/ul>\n<p>\u200bTen\u00eda 67 a\u00f1os y lideraba el Partido de los Trabajadores y Emprendedores (PTE-Per\u00fa).Su camioneta cay\u00f3 a una cuneta al lado del camino por causas a\u00fan no precisadas cuando se dirig\u00eda a una actividad de campa\u00f1a en el sur del pa\u00eds.\u00a0<a href=\"https:\/\/www.clarin.com\/mundo\/murio-napoleon-becerra-candidato-presidente-peru-accidente-transito_0_KbnHgC3xbX.html\" target=\"_blank\" class=\"feedzy-rss-link-icon\">Read More<\/a><\/p>","protected":false},"excerpt":{"rendered":"<p>Ten\u00eda 67 a\u00f1os y lideraba el Partido de los Trabajadores y Emprendedores (PTE-Per\u00fa). Su camioneta&#8230;<\/p>\n","protected":false},"author":1,"featured_media":58345,"comment_status":"open","ping_status":"open","sticky":false,"template":"","format":"standard","meta":{"footnotes":""},"categories":[4],"tags":[],"class_list":["post-58344","post","type-post","status-publish","format-standard","has-post-thumbnail","hentry","category-internacionales"],"_links":{"self":[{"href":"https:\/\/masquenoticiastucuman.com.ar\/index.php?rest_route=\/wp\/v2\/posts\/58344","targetHints":{"allow":["GET"]}}],"collection":[{"href":"https:\/\/masquenoticiastucuman.com.ar\/index.php?rest_route=\/wp\/v2\/posts"}],"about":[{"href":"https:\/\/masquenoticiastucuman.com.ar\/index.php?rest_route=\/wp\/v2\/types\/post"}],"author":[{"embeddable":true,"href":"https:\/\/masquenoticiastucuman.com.ar\/index.php?rest_route=\/wp\/v2\/users\/1"}],"replies":[{"embeddable":true,"href":"https:\/\/masquenoticiastucuman.com.ar\/index.php?rest_route=%2Fwp%2Fv2%2Fcomments&post=58344"}],"version-history":[{"count":0,"href":"https:\/\/masquenoticiastucuman.com.ar\/index.php?rest_route=\/wp\/v2\/posts\/58344\/revisions"}],"wp:featuredmedia":[{"embeddable":true,"href":"https:\/\/masquenoticiastucuman.com.ar\/index.php?rest_route=\/wp\/v2\/media\/58345"}],"wp:attachment":[{"href":"https:\/\/masquenoticiastucuman.com.ar\/index.php?rest_route=%2Fwp%2Fv2%2Fmedia&parent=58344"}],"wp:term":[{"taxonomy":"category","embeddable":true,"href":"https:\/\/masquenoticiastucuman.com.ar\/index.php?rest_route=%2Fwp%2Fv2%2Fcategories&post=58344"},{"taxonomy":"post_tag","embeddable":true,"href":"https:\/\/masquenoticiastucuman.com.ar\/index.php?rest_route=%2Fwp%2Fv2%2Ftags&post=58344"}],"curies":[{"name":"wp","href":"https:\/\/api.w.org\/{rel}","templated":true}]}}