{"id":58347,"date":"2026-03-15T17:03:04","date_gmt":"2026-03-15T20:03:04","guid":{"rendered":"http:\/\/masquenoticiastucuman.com.ar\/?p=58347"},"modified":"2026-03-15T17:03:04","modified_gmt":"2026-03-15T20:03:04","slug":"sabrina-carpenter-poso-en-bombacha-con-la-celeste-y-blanca-desde-su-hotel-en-argentina-en-la-previa-de-lollapalooza","status":"publish","type":"post","link":"https:\/\/masquenoticiastucuman.com.ar\/?p=58347","title":{"rendered":"Sabrina Carpenter pos\u00f3 en bombacha con la celeste y blanca desde su hotel en Argentina, en la previa de Lollapalooza"},"content":{"rendered":"<ul>\n<li>La artista est\u00e1 en el Four Seasons prepar\u00e1ndose para cerrar el \u00faltimo d\u00eda de festival en el Hip\u00f3dromo de San Isidro.<\/li>\n<li>Esta es su tercera visita al pa\u00eds con el que tiene una relaci\u00f3n de amor.<\/li>\n<\/ul>\n<p>\u200bLa artista est\u00e1 en el Four Seasons prepar\u00e1ndose para cerrar el \u00faltimo d\u00eda de festival en el Hip\u00f3dromo de San Isidro.Esta es su tercera visita al pa\u00eds con el que tiene una relaci\u00f3n de amor.\u00a0<a href=\"https:\/\/www.clarin.com\/espectaculos\/sabrina-carpenter-poso-bombacha-celeste-blanca-hotel-argentina-previa-lollapalooza_0_MHRxZX52qL.html\" target=\"_blank\" class=\"feedzy-rss-link-icon\">Read More<\/a><\/p>","protected":false},"excerpt":{"rendered":"<p>La artista est\u00e1 en el Four Seasons prepar\u00e1ndose para cerrar el \u00faltimo d\u00eda de festival&#8230;<\/p>\n","protected":false},"author":1,"featured_media":0,"comment_status":"open","ping_status":"open","sticky":false,"template":"","format":"standard","meta":{"footnotes":""},"categories":[5],"tags":[],"class_list":["post-58347","post","type-post","status-publish","format-standard","has-post-thumbnail","hentry","category-espectaculo"],"_links":{"self":[{"href":"https:\/\/masquenoticiastucuman.com.ar\/index.php?rest_route=\/wp\/v2\/posts\/58347","targetHints":{"allow":["GET"]}}],"collection":[{"href":"https:\/\/masquenoticiastucuman.com.ar\/index.php?rest_route=\/wp\/v2\/posts"}],"about":[{"href":"https:\/\/masquenoticiastucuman.com.ar\/index.php?rest_route=\/wp\/v2\/types\/post"}],"author":[{"embeddable":true,"href":"https:\/\/masquenoticiastucuman.com.ar\/index.php?rest_route=\/wp\/v2\/users\/1"}],"replies":[{"embeddable":true,"href":"https:\/\/masquenoticiastucuman.com.ar\/index.php?rest_route=%2Fwp%2Fv2%2Fcomments&post=58347"}],"version-history":[{"count":0,"href":"https:\/\/masquenoticiastucuman.com.ar\/index.php?rest_route=\/wp\/v2\/posts\/58347\/revisions"}],"wp:attachment":[{"href":"https:\/\/masquenoticiastucuman.com.ar\/index.php?rest_route=%2Fwp%2Fv2%2Fmedia&parent=58347"}],"wp:term":[{"taxonomy":"category","embeddable":true,"href":"https:\/\/masquenoticiastucuman.com.ar\/index.php?rest_route=%2Fwp%2Fv2%2Fcategories&post=58347"},{"taxonomy":"post_tag","embeddable":true,"href":"https:\/\/masquenoticiastucuman.com.ar\/index.php?rest_route=%2Fwp%2Fv2%2Ftags&post=58347"}],"curies":[{"name":"wp","href":"https:\/\/api.w.org\/{rel}","templated":true}]}}