{"id":58348,"date":"2026-03-15T17:41:04","date_gmt":"2026-03-15T20:41:04","guid":{"rendered":"http:\/\/masquenoticiastucuman.com.ar\/?p=58348"},"modified":"2026-03-15T17:41:04","modified_gmt":"2026-03-15T20:41:04","slug":"infraestructura-sponsoreo-y-el-regreso-a-futuro-de-los-ex-racing-que-triunfan-en-las-grandes-ligas-el-balance-de-la-gira-de-diego-milito-en-europa","status":"publish","type":"post","link":"https:\/\/masquenoticiastucuman.com.ar\/?p=58348","title":{"rendered":"Infraestructura, sponsoreo y el regreso a futuro de los ex Racing que triunfan en las grandes ligas: el balance de la gira de Diego Milito en Europa"},"content":{"rendered":"<ul>\n<li>El presidente de la Academia regres\u00f3 a la Argentina tras visitar Madrid y Mil\u00e1n, donde charl\u00f3 con dirigentes, empresario y futbolistas.<\/li>\n<li>El &#8220;salto de calidad&#8221; est\u00e1 enfocado en las obras, con el estadio como gran objetivo. Estuvo con Lautaro Mart\u00ednez, Juan Musso y Diego Simeone.<\/li>\n<\/ul>\n<p>\u200bEl presidente de la Academia regres\u00f3 a la Argentina tras visitar Madrid y Mil\u00e1n, donde charl\u00f3 con dirigentes, empresario y futbolistas.El &#8220;salto de calidad&#8221; est\u00e1 enfocado en las obras, con el estadio como gran objetivo. Estuvo con Lautaro Mart\u00ednez, Juan Musso y Diego Simeone.\u00a0<a href=\"https:\/\/www.clarin.com\/deportes\/infraestructura-sponsoreo-regreso-futuro-ex-racing-triunfan-grandes-ligas-balance-gira-diego-milito-europa_0_EZ2PGFKnBV.html\" target=\"_blank\" class=\"feedzy-rss-link-icon\">Read More<\/a><\/p>","protected":false},"excerpt":{"rendered":"<p>El presidente de la Academia regres\u00f3 a la Argentina tras visitar Madrid y Mil\u00e1n, donde&#8230;<\/p>\n","protected":false},"author":1,"featured_media":0,"comment_status":"open","ping_status":"open","sticky":false,"template":"","format":"standard","meta":{"footnotes":""},"categories":[6],"tags":[],"class_list":["post-58348","post","type-post","status-publish","format-standard","has-post-thumbnail","hentry","category-deportes"],"_links":{"self":[{"href":"https:\/\/masquenoticiastucuman.com.ar\/index.php?rest_route=\/wp\/v2\/posts\/58348","targetHints":{"allow":["GET"]}}],"collection":[{"href":"https:\/\/masquenoticiastucuman.com.ar\/index.php?rest_route=\/wp\/v2\/posts"}],"about":[{"href":"https:\/\/masquenoticiastucuman.com.ar\/index.php?rest_route=\/wp\/v2\/types\/post"}],"author":[{"embeddable":true,"href":"https:\/\/masquenoticiastucuman.com.ar\/index.php?rest_route=\/wp\/v2\/users\/1"}],"replies":[{"embeddable":true,"href":"https:\/\/masquenoticiastucuman.com.ar\/index.php?rest_route=%2Fwp%2Fv2%2Fcomments&post=58348"}],"version-history":[{"count":0,"href":"https:\/\/masquenoticiastucuman.com.ar\/index.php?rest_route=\/wp\/v2\/posts\/58348\/revisions"}],"wp:attachment":[{"href":"https:\/\/masquenoticiastucuman.com.ar\/index.php?rest_route=%2Fwp%2Fv2%2Fmedia&parent=58348"}],"wp:term":[{"taxonomy":"category","embeddable":true,"href":"https:\/\/masquenoticiastucuman.com.ar\/index.php?rest_route=%2Fwp%2Fv2%2Fcategories&post=58348"},{"taxonomy":"post_tag","embeddable":true,"href":"https:\/\/masquenoticiastucuman.com.ar\/index.php?rest_route=%2Fwp%2Fv2%2Ftags&post=58348"}],"curies":[{"name":"wp","href":"https:\/\/api.w.org\/{rel}","templated":true}]}}