{"id":58363,"date":"2026-03-16T06:01:00","date_gmt":"2026-03-16T09:01:00","guid":{"rendered":"http:\/\/masquenoticiastucuman.com.ar\/?p=58363"},"modified":"2026-03-16T06:01:00","modified_gmt":"2026-03-16T09:01:00","slug":"mientras-caputo-estaba-en-nueva-york-sturzenegger-paso-la-motosierra-y-elimino-siete-areas-en-economia","status":"publish","type":"post","link":"https:\/\/masquenoticiastucuman.com.ar\/?p=58363","title":{"rendered":"Mientras Caputo estaba en Nueva York, Sturzenegger pas\u00f3 la motosierra y elimin\u00f3 siete \u00e1reas en Econom\u00eda"},"content":{"rendered":"<ul>\n<li>Fusionaron subsecretar\u00edas y crearon nuevas dependencias<\/li>\n<li>Impacta sobre Pol\u00edtica Econ\u00f3mica, Producci\u00f3n y Energ\u00eda<\/li>\n<li>El inspector de Sturzenegger y los rumores de despidos<\/li>\n<\/ul>\n<p>\u200bFusionaron subsecretar\u00edas y crearon nuevas dependenciasImpacta sobre Pol\u00edtica Econ\u00f3mica, Producci\u00f3n y Energ\u00edaEl inspector de Sturzenegger y los rumores de despidos\u00a0<a href=\"https:\/\/www.clarin.com\/economia\/caputo-nueva-york-sturzenegger-paso-motosierra-elimino-areas-economia_0_Ki0WwQWzCi.html\" target=\"_blank\" class=\"feedzy-rss-link-icon\">Read More<\/a><\/p>","protected":false},"excerpt":{"rendered":"<p>Fusionaron subsecretar\u00edas y crearon nuevas dependencias Impacta sobre Pol\u00edtica Econ\u00f3mica, Producci\u00f3n y Energ\u00eda El inspector&#8230;<\/p>\n","protected":false},"author":1,"featured_media":0,"comment_status":"open","ping_status":"open","sticky":false,"template":"","format":"standard","meta":{"footnotes":""},"categories":[3],"tags":[],"class_list":["post-58363","post","type-post","status-publish","format-standard","has-post-thumbnail","hentry","category-nacionales"],"_links":{"self":[{"href":"https:\/\/masquenoticiastucuman.com.ar\/index.php?rest_route=\/wp\/v2\/posts\/58363","targetHints":{"allow":["GET"]}}],"collection":[{"href":"https:\/\/masquenoticiastucuman.com.ar\/index.php?rest_route=\/wp\/v2\/posts"}],"about":[{"href":"https:\/\/masquenoticiastucuman.com.ar\/index.php?rest_route=\/wp\/v2\/types\/post"}],"author":[{"embeddable":true,"href":"https:\/\/masquenoticiastucuman.com.ar\/index.php?rest_route=\/wp\/v2\/users\/1"}],"replies":[{"embeddable":true,"href":"https:\/\/masquenoticiastucuman.com.ar\/index.php?rest_route=%2Fwp%2Fv2%2Fcomments&post=58363"}],"version-history":[{"count":0,"href":"https:\/\/masquenoticiastucuman.com.ar\/index.php?rest_route=\/wp\/v2\/posts\/58363\/revisions"}],"wp:attachment":[{"href":"https:\/\/masquenoticiastucuman.com.ar\/index.php?rest_route=%2Fwp%2Fv2%2Fmedia&parent=58363"}],"wp:term":[{"taxonomy":"category","embeddable":true,"href":"https:\/\/masquenoticiastucuman.com.ar\/index.php?rest_route=%2Fwp%2Fv2%2Fcategories&post=58363"},{"taxonomy":"post_tag","embeddable":true,"href":"https:\/\/masquenoticiastucuman.com.ar\/index.php?rest_route=%2Fwp%2Fv2%2Ftags&post=58363"}],"curies":[{"name":"wp","href":"https:\/\/api.w.org\/{rel}","templated":true}]}}