{"id":58538,"date":"2026-03-17T20:48:44","date_gmt":"2026-03-17T23:48:44","guid":{"rendered":"http:\/\/masquenoticiastucuman.com.ar\/?p=58538"},"modified":"2026-03-17T20:48:44","modified_gmt":"2026-03-17T23:48:44","slug":"el-mercado-le-corre-el-arco-a-caputo-o-al-ministro-le-cuesta-llegar-al-gol","status":"publish","type":"post","link":"https:\/\/masquenoticiastucuman.com.ar\/?p=58538","title":{"rendered":"\u00bfEl mercado le corre el arco a Caputo o al ministro le cuesta llegar al gol?"},"content":{"rendered":"<ul>\n<li>El riesgo pa\u00eds pr\u00e1cticamente no baj\u00f3 en el a\u00f1o pese a que el Gobierno sancion\u00f3 un Presupuesto, aprob\u00f3 una reforma laboral y el Banco Central compra d\u00f3lares. <\/li>\n<li>Tal vez si la inflaci\u00f3n cediera pronto, la tasa de inter\u00e9s bajar\u00eda y la actividad repuntar\u00eda.<\/li>\n<li>Para el economista Roberto Frenkel &#8220;con una tasa de inflaci\u00f3n de 3% mensual e inercia inflacionaria, es el momento de lanzar un plan de estabilizaci\u00f3n&#8221;.<\/li>\n<\/ul>\n<p>\u200bEl riesgo pa\u00eds pr\u00e1cticamente no baj\u00f3 en el a\u00f1o pese a que el Gobierno sancion\u00f3 un Presupuesto, aprob\u00f3 una reforma laboral y el Banco Central compra d\u00f3lares. Tal vez si la inflaci\u00f3n cediera pronto, la tasa de inter\u00e9s bajar\u00eda y la actividad repuntar\u00eda.Para el economista Roberto Frenkel &#8220;con una tasa de inflaci\u00f3n de 3% mensual e inercia inflacionaria, es el momento de lanzar un plan de estabilizaci\u00f3n&#8221;.\u00a0<a href=\"https:\/\/www.clarin.com\/economia\/mercado-corre-arco-caputo-ministro-cuesta-llegar-gol_0_leNYwexx6y.html\" target=\"_blank\" class=\"feedzy-rss-link-icon\">Read More<\/a><\/p>","protected":false},"excerpt":{"rendered":"<p>El riesgo pa\u00eds pr\u00e1cticamente no baj\u00f3 en el a\u00f1o pese a que el Gobierno sancion\u00f3&#8230;<\/p>\n","protected":false},"author":1,"featured_media":0,"comment_status":"open","ping_status":"open","sticky":false,"template":"","format":"standard","meta":{"footnotes":""},"categories":[3],"tags":[],"class_list":["post-58538","post","type-post","status-publish","format-standard","has-post-thumbnail","hentry","category-nacionales"],"_links":{"self":[{"href":"https:\/\/masquenoticiastucuman.com.ar\/index.php?rest_route=\/wp\/v2\/posts\/58538","targetHints":{"allow":["GET"]}}],"collection":[{"href":"https:\/\/masquenoticiastucuman.com.ar\/index.php?rest_route=\/wp\/v2\/posts"}],"about":[{"href":"https:\/\/masquenoticiastucuman.com.ar\/index.php?rest_route=\/wp\/v2\/types\/post"}],"author":[{"embeddable":true,"href":"https:\/\/masquenoticiastucuman.com.ar\/index.php?rest_route=\/wp\/v2\/users\/1"}],"replies":[{"embeddable":true,"href":"https:\/\/masquenoticiastucuman.com.ar\/index.php?rest_route=%2Fwp%2Fv2%2Fcomments&post=58538"}],"version-history":[{"count":0,"href":"https:\/\/masquenoticiastucuman.com.ar\/index.php?rest_route=\/wp\/v2\/posts\/58538\/revisions"}],"wp:attachment":[{"href":"https:\/\/masquenoticiastucuman.com.ar\/index.php?rest_route=%2Fwp%2Fv2%2Fmedia&parent=58538"}],"wp:term":[{"taxonomy":"category","embeddable":true,"href":"https:\/\/masquenoticiastucuman.com.ar\/index.php?rest_route=%2Fwp%2Fv2%2Fcategories&post=58538"},{"taxonomy":"post_tag","embeddable":true,"href":"https:\/\/masquenoticiastucuman.com.ar\/index.php?rest_route=%2Fwp%2Fv2%2Ftags&post=58538"}],"curies":[{"name":"wp","href":"https:\/\/api.w.org\/{rel}","templated":true}]}}