{"id":58540,"date":"2026-03-17T20:55:11","date_gmt":"2026-03-17T23:55:11","guid":{"rendered":"http:\/\/masquenoticiastucuman.com.ar\/?p=58540"},"modified":"2026-03-17T20:55:11","modified_gmt":"2026-03-17T23:55:11","slug":"el-incomodo-encuentro-de-donald-trump-con-el-primer-ministro-de-irlanda-en-pleno-salon-oval","status":"publish","type":"post","link":"https:\/\/masquenoticiastucuman.com.ar\/?p=58540","title":{"rendered":"El inc\u00f3modo encuentro de Donald Trump con el primer ministro de Irlanda en pleno Sal\u00f3n Oval"},"content":{"rendered":"<ul>\n<li>El presidente de Estados Unidos cuestion\u00f3 a Keir Starmer, premier brit\u00e1nico, pero Miche\u00e1l Martin sali\u00f3 a defenderlo.<\/li>\n<li>Fue en una reuni\u00f3n en San Patricio, en la que hubo cruces sobre inmigraci\u00f3n, Europa, la guerra y un dardo del republicano contra la presidenta irlandesa.<\/li>\n<\/ul>\n<p>\u200bEl presidente de Estados Unidos cuestion\u00f3 a Keir Starmer, premier brit\u00e1nico, pero Miche\u00e1l Martin sali\u00f3 a defenderlo.Fue en una reuni\u00f3n en San Patricio, en la que hubo cruces sobre inmigraci\u00f3n, Europa, la guerra y un dardo del republicano contra la presidenta irlandesa.\u00a0<a href=\"https:\/\/www.clarin.com\/mundo\/incomodo-encuentro-donald-trump-primer-ministro-irlanda-pleno-salon-oval_0_8ZYpGDJlBR.html\" target=\"_blank\" class=\"feedzy-rss-link-icon\">Read More<\/a><\/p>","protected":false},"excerpt":{"rendered":"<p>El presidente de Estados Unidos cuestion\u00f3 a Keir Starmer, premier brit\u00e1nico, pero Miche\u00e1l Martin sali\u00f3&#8230;<\/p>\n","protected":false},"author":1,"featured_media":58541,"comment_status":"open","ping_status":"open","sticky":false,"template":"","format":"standard","meta":{"footnotes":""},"categories":[4],"tags":[],"class_list":["post-58540","post","type-post","status-publish","format-standard","has-post-thumbnail","hentry","category-internacionales"],"_links":{"self":[{"href":"https:\/\/masquenoticiastucuman.com.ar\/index.php?rest_route=\/wp\/v2\/posts\/58540","targetHints":{"allow":["GET"]}}],"collection":[{"href":"https:\/\/masquenoticiastucuman.com.ar\/index.php?rest_route=\/wp\/v2\/posts"}],"about":[{"href":"https:\/\/masquenoticiastucuman.com.ar\/index.php?rest_route=\/wp\/v2\/types\/post"}],"author":[{"embeddable":true,"href":"https:\/\/masquenoticiastucuman.com.ar\/index.php?rest_route=\/wp\/v2\/users\/1"}],"replies":[{"embeddable":true,"href":"https:\/\/masquenoticiastucuman.com.ar\/index.php?rest_route=%2Fwp%2Fv2%2Fcomments&post=58540"}],"version-history":[{"count":0,"href":"https:\/\/masquenoticiastucuman.com.ar\/index.php?rest_route=\/wp\/v2\/posts\/58540\/revisions"}],"wp:featuredmedia":[{"embeddable":true,"href":"https:\/\/masquenoticiastucuman.com.ar\/index.php?rest_route=\/wp\/v2\/media\/58541"}],"wp:attachment":[{"href":"https:\/\/masquenoticiastucuman.com.ar\/index.php?rest_route=%2Fwp%2Fv2%2Fmedia&parent=58540"}],"wp:term":[{"taxonomy":"category","embeddable":true,"href":"https:\/\/masquenoticiastucuman.com.ar\/index.php?rest_route=%2Fwp%2Fv2%2Fcategories&post=58540"},{"taxonomy":"post_tag","embeddable":true,"href":"https:\/\/masquenoticiastucuman.com.ar\/index.php?rest_route=%2Fwp%2Fv2%2Ftags&post=58540"}],"curies":[{"name":"wp","href":"https:\/\/api.w.org\/{rel}","templated":true}]}}