{"id":58544,"date":"2026-03-17T21:32:36","date_gmt":"2026-03-18T00:32:36","guid":{"rendered":"http:\/\/masquenoticiastucuman.com.ar\/?p=58544"},"modified":"2026-03-17T21:32:36","modified_gmt":"2026-03-18T00:32:36","slug":"escandalo-en-la-copa-africana-la-furia-de-sadio-mane-tras-enterarse-de-que-le-quitan-el-titulo-a-senegal-y-se-lo-dan-a-marruecos","status":"publish","type":"post","link":"https:\/\/masquenoticiastucuman.com.ar\/?p=58544","title":{"rendered":"Esc\u00e1ndalo en la Copa Africana: la furia de Sadio Man\u00e9 tras enterarse de que le quitan el t\u00edtulo a Senegal y se lo dan a Marruecos"},"content":{"rendered":"<ul>\n<li>La Confederaci\u00f3n Africana les dio la raz\u00f3n a los marroqu\u00edes y cambi\u00f3 el resultado de la final.<\/li>\n<li>La sorprendente decisi\u00f3n desat\u00f3 una pol\u00e9mica y ahora se expres\u00f3 el capit\u00e1n senegal\u00e9s.<\/li>\n<li>&#8220;Hay demasiada corrupci\u00f3n en nuestro deporte&#8221;, dice una parte de su descargo en las redes.<\/li>\n<\/ul>\n<p>\u200bLa Confederaci\u00f3n Africana les dio la raz\u00f3n a los marroqu\u00edes y cambi\u00f3 el resultado de la final.La sorprendente decisi\u00f3n desat\u00f3 una pol\u00e9mica y ahora se expres\u00f3 el capit\u00e1n senegal\u00e9s.&#8221;Hay demasiada corrupci\u00f3n en nuestro deporte&#8221;, dice una parte de su descargo en las redes.\u00a0<a href=\"https:\/\/www.clarin.com\/deportes\/escandalo-copa-africana-furia-sadio-mane-enterarse-quitan-titulo-senegal-dan-marruecos_0_WL6LG1VcQ5.html\" target=\"_blank\" class=\"feedzy-rss-link-icon\">Read More<\/a><\/p>","protected":false},"excerpt":{"rendered":"<p>La Confederaci\u00f3n Africana les dio la raz\u00f3n a los marroqu\u00edes y cambi\u00f3 el resultado de&#8230;<\/p>\n","protected":false},"author":1,"featured_media":0,"comment_status":"open","ping_status":"open","sticky":false,"template":"","format":"standard","meta":{"footnotes":""},"categories":[6],"tags":[],"class_list":["post-58544","post","type-post","status-publish","format-standard","has-post-thumbnail","hentry","category-deportes"],"_links":{"self":[{"href":"https:\/\/masquenoticiastucuman.com.ar\/index.php?rest_route=\/wp\/v2\/posts\/58544","targetHints":{"allow":["GET"]}}],"collection":[{"href":"https:\/\/masquenoticiastucuman.com.ar\/index.php?rest_route=\/wp\/v2\/posts"}],"about":[{"href":"https:\/\/masquenoticiastucuman.com.ar\/index.php?rest_route=\/wp\/v2\/types\/post"}],"author":[{"embeddable":true,"href":"https:\/\/masquenoticiastucuman.com.ar\/index.php?rest_route=\/wp\/v2\/users\/1"}],"replies":[{"embeddable":true,"href":"https:\/\/masquenoticiastucuman.com.ar\/index.php?rest_route=%2Fwp%2Fv2%2Fcomments&post=58544"}],"version-history":[{"count":0,"href":"https:\/\/masquenoticiastucuman.com.ar\/index.php?rest_route=\/wp\/v2\/posts\/58544\/revisions"}],"wp:attachment":[{"href":"https:\/\/masquenoticiastucuman.com.ar\/index.php?rest_route=%2Fwp%2Fv2%2Fmedia&parent=58544"}],"wp:term":[{"taxonomy":"category","embeddable":true,"href":"https:\/\/masquenoticiastucuman.com.ar\/index.php?rest_route=%2Fwp%2Fv2%2Fcategories&post=58544"},{"taxonomy":"post_tag","embeddable":true,"href":"https:\/\/masquenoticiastucuman.com.ar\/index.php?rest_route=%2Fwp%2Fv2%2Ftags&post=58544"}],"curies":[{"name":"wp","href":"https:\/\/api.w.org\/{rel}","templated":true}]}}