{"id":58546,"date":"2026-03-17T21:52:50","date_gmt":"2026-03-18T00:52:50","guid":{"rendered":"http:\/\/masquenoticiastucuman.com.ar\/?p=58546"},"modified":"2026-03-17T21:52:50","modified_gmt":"2026-03-18T00:52:50","slug":"marcelo-araujo-fue-despedido-en-el-cementerio-de-chacarita-pero-un-desafortunado-error-provoco-el-enojo-de-sus-seres-queridos","status":"publish","type":"post","link":"https:\/\/masquenoticiastucuman.com.ar\/?p=58546","title":{"rendered":"Marcelo Araujo fue despedido en el cementerio de Chacarita pero un desafortunado error provoc\u00f3 el enojo de sus seres queridos"},"content":{"rendered":"<ul>\n<li>El cuerpo del relator fue cremado sin que sus afectos pudieran realizarle un homenaje. <\/li>\n<li>&#8220;Nos quedamos todos muy enojados, no entend\u00edamos qu\u00e9 pas\u00f3&#8221;, relat\u00f3 Chiche Almozny.<\/li>\n<li>All\u00ed se acercaron colegas de toda la vida como Fernando Niembro y Tit\u00ed Fern\u00e1ndez, entre otros.<\/li>\n<\/ul>\n<p>\u200bEl cuerpo del relator fue cremado sin que sus afectos pudieran realizarle un homenaje. &#8220;Nos quedamos todos muy enojados, no entend\u00edamos qu\u00e9 pas\u00f3&#8221;, relat\u00f3 Chiche Almozny.All\u00ed se acercaron colegas de toda la vida como Fernando Niembro y Tit\u00ed Fern\u00e1ndez, entre otros.\u00a0<a href=\"https:\/\/www.clarin.com\/deportes\/marcelo-araujo-despedido-cementerio-chacarita-desafortunado-error-provoco-enojo-seres-queridos_0_pvZEY9pjRQ.html\" target=\"_blank\" class=\"feedzy-rss-link-icon\">Read More<\/a><\/p>","protected":false},"excerpt":{"rendered":"<p>El cuerpo del relator fue cremado sin que sus afectos pudieran realizarle un homenaje. &#8220;Nos&#8230;<\/p>\n","protected":false},"author":1,"featured_media":0,"comment_status":"open","ping_status":"open","sticky":false,"template":"","format":"standard","meta":{"footnotes":""},"categories":[6],"tags":[],"class_list":["post-58546","post","type-post","status-publish","format-standard","has-post-thumbnail","hentry","category-deportes"],"_links":{"self":[{"href":"https:\/\/masquenoticiastucuman.com.ar\/index.php?rest_route=\/wp\/v2\/posts\/58546","targetHints":{"allow":["GET"]}}],"collection":[{"href":"https:\/\/masquenoticiastucuman.com.ar\/index.php?rest_route=\/wp\/v2\/posts"}],"about":[{"href":"https:\/\/masquenoticiastucuman.com.ar\/index.php?rest_route=\/wp\/v2\/types\/post"}],"author":[{"embeddable":true,"href":"https:\/\/masquenoticiastucuman.com.ar\/index.php?rest_route=\/wp\/v2\/users\/1"}],"replies":[{"embeddable":true,"href":"https:\/\/masquenoticiastucuman.com.ar\/index.php?rest_route=%2Fwp%2Fv2%2Fcomments&post=58546"}],"version-history":[{"count":0,"href":"https:\/\/masquenoticiastucuman.com.ar\/index.php?rest_route=\/wp\/v2\/posts\/58546\/revisions"}],"wp:attachment":[{"href":"https:\/\/masquenoticiastucuman.com.ar\/index.php?rest_route=%2Fwp%2Fv2%2Fmedia&parent=58546"}],"wp:term":[{"taxonomy":"category","embeddable":true,"href":"https:\/\/masquenoticiastucuman.com.ar\/index.php?rest_route=%2Fwp%2Fv2%2Fcategories&post=58546"},{"taxonomy":"post_tag","embeddable":true,"href":"https:\/\/masquenoticiastucuman.com.ar\/index.php?rest_route=%2Fwp%2Fv2%2Ftags&post=58546"}],"curies":[{"name":"wp","href":"https:\/\/api.w.org\/{rel}","templated":true}]}}