{"id":60078,"date":"2026-04-08T17:11:42","date_gmt":"2026-04-08T20:11:42","guid":{"rendered":"http:\/\/masquenoticiastucuman.com.ar\/?p=60078"},"modified":"2026-04-08T17:11:42","modified_gmt":"2026-04-08T20:11:42","slug":"sistema-de-postas-con-notas-en-papel-y-un-ayatollah-en-la-clandestinidad-asi-negocio-mojtaba-khamenei-el-cese-el-fuego-con-estados-unidos","status":"publish","type":"post","link":"https:\/\/masquenoticiastucuman.com.ar\/?p=60078","title":{"rendered":"Sistema de postas con notas en papel y un ayatollah en la clandestinidad: as\u00ed negoci\u00f3 Mojtaba Khamenei el cese el fuego con Estados Unidos"},"content":{"rendered":"<ul>\n<li>El l\u00edder supremo de Ir\u00e1n particip\u00f3 de forma &#8220;laboriosa y clandestina&#8221; en las gestiones, seg\u00fan revel\u00f3 un medio de EE.UU. <\/li>\n<li>Ocurre en medio de rumores sobre su salud y ante el peligro de un ataque de Israel contra su vida.<\/li>\n<\/ul>\n<p>\u200bEl l\u00edder supremo de Ir\u00e1n particip\u00f3 de forma &#8220;laboriosa y clandestina&#8221; en las gestiones, seg\u00fan revel\u00f3 un medio de EE.UU. Ocurre en medio de rumores sobre su salud y ante el peligro de un ataque de Israel contra su vida.\u00a0<a href=\"https:\/\/www.clarin.com\/mundo\/sigue-aparecer-lider-supremo-iran-aprobado-negociaciones-clandestinas-cese-fuego-estados-unidos_0_D1LpWtY4XX.html\" target=\"_blank\" class=\"feedzy-rss-link-icon\">Read More<\/a><\/p>","protected":false},"excerpt":{"rendered":"<p>El l\u00edder supremo de Ir\u00e1n particip\u00f3 de forma &#8220;laboriosa y clandestina&#8221; en las gestiones, seg\u00fan&#8230;<\/p>\n","protected":false},"author":1,"featured_media":60079,"comment_status":"open","ping_status":"open","sticky":false,"template":"","format":"standard","meta":{"footnotes":""},"categories":[4],"tags":[],"class_list":["post-60078","post","type-post","status-publish","format-standard","has-post-thumbnail","hentry","category-internacionales"],"_links":{"self":[{"href":"https:\/\/masquenoticiastucuman.com.ar\/index.php?rest_route=\/wp\/v2\/posts\/60078","targetHints":{"allow":["GET"]}}],"collection":[{"href":"https:\/\/masquenoticiastucuman.com.ar\/index.php?rest_route=\/wp\/v2\/posts"}],"about":[{"href":"https:\/\/masquenoticiastucuman.com.ar\/index.php?rest_route=\/wp\/v2\/types\/post"}],"author":[{"embeddable":true,"href":"https:\/\/masquenoticiastucuman.com.ar\/index.php?rest_route=\/wp\/v2\/users\/1"}],"replies":[{"embeddable":true,"href":"https:\/\/masquenoticiastucuman.com.ar\/index.php?rest_route=%2Fwp%2Fv2%2Fcomments&post=60078"}],"version-history":[{"count":0,"href":"https:\/\/masquenoticiastucuman.com.ar\/index.php?rest_route=\/wp\/v2\/posts\/60078\/revisions"}],"wp:featuredmedia":[{"embeddable":true,"href":"https:\/\/masquenoticiastucuman.com.ar\/index.php?rest_route=\/wp\/v2\/media\/60079"}],"wp:attachment":[{"href":"https:\/\/masquenoticiastucuman.com.ar\/index.php?rest_route=%2Fwp%2Fv2%2Fmedia&parent=60078"}],"wp:term":[{"taxonomy":"category","embeddable":true,"href":"https:\/\/masquenoticiastucuman.com.ar\/index.php?rest_route=%2Fwp%2Fv2%2Fcategories&post=60078"},{"taxonomy":"post_tag","embeddable":true,"href":"https:\/\/masquenoticiastucuman.com.ar\/index.php?rest_route=%2Fwp%2Fv2%2Ftags&post=60078"}],"curies":[{"name":"wp","href":"https:\/\/api.w.org\/{rel}","templated":true}]}}