{"id":60084,"date":"2026-04-08T13:36:23","date_gmt":"2026-04-08T16:36:23","guid":{"rendered":"http:\/\/masquenoticiastucuman.com.ar\/?p=60084"},"modified":"2026-04-08T13:36:23","modified_gmt":"2026-04-08T16:36:23","slug":"el-pueblo-minero-de-san-luis-que-combina-historia-poesia-y-paisajes-de-ensueno","status":"publish","type":"post","link":"https:\/\/masquenoticiastucuman.com.ar\/?p=60084","title":{"rendered":"El pueblo minero de San Luis que combina historia, poes\u00eda y paisajes de ensue\u00f1o"},"content":{"rendered":"<ul>\n<li>Brinda la posibilidad de visitar minas antiguas y su &#8220;r\u00edo amarillo&#8221;.<\/li>\n<li>Seg\u00fan la Organizaci\u00f3n Mundial del Turismo, es uno de los mejores pueblos tur\u00edsticos del mundo. <\/li>\n<\/ul>\n<p>\u200bBrinda la posibilidad de visitar minas antiguas y su &#8220;r\u00edo amarillo&#8221;.Seg\u00fan la Organizaci\u00f3n Mundial del Turismo, es uno de los mejores pueblos tur\u00edsticos del mundo.\u00a0<a href=\"https:\/\/www.clarin.com\/viajes\/pueblo-minero-san-luis-combina-historia-poesia-paisajes-ensueno_0_A6RlEFBPWE.html\" target=\"_blank\" class=\"feedzy-rss-link-icon\">Read More<\/a><\/p>","protected":false},"excerpt":{"rendered":"<p>Brinda la posibilidad de visitar minas antiguas y su &#8220;r\u00edo amarillo&#8221;. Seg\u00fan la Organizaci\u00f3n Mundial&#8230;<\/p>\n","protected":false},"author":1,"featured_media":0,"comment_status":"open","ping_status":"open","sticky":false,"template":"","format":"standard","meta":{"footnotes":""},"categories":[7],"tags":[],"class_list":["post-60084","post","type-post","status-publish","format-standard","has-post-thumbnail","hentry","category-turismo"],"_links":{"self":[{"href":"https:\/\/masquenoticiastucuman.com.ar\/index.php?rest_route=\/wp\/v2\/posts\/60084","targetHints":{"allow":["GET"]}}],"collection":[{"href":"https:\/\/masquenoticiastucuman.com.ar\/index.php?rest_route=\/wp\/v2\/posts"}],"about":[{"href":"https:\/\/masquenoticiastucuman.com.ar\/index.php?rest_route=\/wp\/v2\/types\/post"}],"author":[{"embeddable":true,"href":"https:\/\/masquenoticiastucuman.com.ar\/index.php?rest_route=\/wp\/v2\/users\/1"}],"replies":[{"embeddable":true,"href":"https:\/\/masquenoticiastucuman.com.ar\/index.php?rest_route=%2Fwp%2Fv2%2Fcomments&post=60084"}],"version-history":[{"count":0,"href":"https:\/\/masquenoticiastucuman.com.ar\/index.php?rest_route=\/wp\/v2\/posts\/60084\/revisions"}],"wp:attachment":[{"href":"https:\/\/masquenoticiastucuman.com.ar\/index.php?rest_route=%2Fwp%2Fv2%2Fmedia&parent=60084"}],"wp:term":[{"taxonomy":"category","embeddable":true,"href":"https:\/\/masquenoticiastucuman.com.ar\/index.php?rest_route=%2Fwp%2Fv2%2Fcategories&post=60084"},{"taxonomy":"post_tag","embeddable":true,"href":"https:\/\/masquenoticiastucuman.com.ar\/index.php?rest_route=%2Fwp%2Fv2%2Ftags&post=60084"}],"curies":[{"name":"wp","href":"https:\/\/api.w.org\/{rel}","templated":true}]}}