{"id":60095,"date":"2026-04-08T21:00:00","date_gmt":"2026-04-09T00:00:00","guid":{"rendered":"https:\/\/masquenoticiastucuman.com.ar\/?p=60095"},"modified":"2026-04-08T21:00:02","modified_gmt":"2026-04-09T00:00:02","slug":"secuestro-de-un-arma-en-una-escuela-jaldo-llamo-a-reforzar-el-rol-de-la-familia","status":"publish","type":"post","link":"https:\/\/masquenoticiastucuman.com.ar\/?p=60095","title":{"rendered":"Secuestro de un arma en una escuela: Jaldo llam\u00f3 a reforzar el rol de la familia"},"content":{"rendered":"\n<p>&#8220;Venimos trabajando con las escuelas que tienen su equipo de psic\u00f3logos. Se est\u00e1 haciendo seguimiento no solo a los ni\u00f1os, sino a la familia y a los hogares donde viven\u201d, asegur\u00f3 el titular del PE.<\/p>\n\n\n\n<p id=\"isPasted\">El gobernador&nbsp;<strong>Osvaldo Jaldo<\/strong>&nbsp;se refiri\u00f3 este mi\u00e9rcoles al hecho ocurrido ayer a la siesta en la escuela secundaria El Salvador, en la zona sur de la Capital, donde autoridades y personal policial secuestraron un arma de fuego que un alumno hab\u00eda ingresado en su mochila. La intervenci\u00f3n se produjo tras el aviso de un vecino antes del inicio de clases.<\/p>\n\n\n\n<p>El mandatario contextualiz\u00f3 el episodio y destac\u00f3 la r\u00e1pida actuaci\u00f3n institucional que evit\u00f3 consecuencias mayores. En ese sentido, afirm\u00f3:&nbsp;<strong>\u201cEs un hecho realmente lamentable, que nos sorprendi\u00f3 a todos y a todas, y, felizmente, el personal de la escuela dio aviso inmediatamente a la polic\u00eda y hemos podido neutralizar cualquier hecho mayor que pueda da\u00f1ar a los chicos de ese establecimiento\u201d.<\/strong><\/p>\n\n\n\n<p>En la misma l\u00ednea, el gobernador advirti\u00f3 sobre la necesidad de intensificar las acciones preventivas. Al respecto, se\u00f1al\u00f3: \u201cNo hay duda de que hay que poner mucho m\u00e1s \u00e9nfasis en estos temas. No debemos esperar que pase algo m\u00e1s grave para reci\u00e9n ponernos a trabajar\u201d.<\/p>\n\n\n\n<blockquote class=\"wp-block-quote is-layout-flow wp-block-quote-is-layout-flow\">\n<p>Jaldo explic\u00f3 que el Gobierno provincial ya implement\u00f3 pol\u00edticas de acompa\u00f1amiento en las instituciones educativas. Sobre ese punto, indic\u00f3: \u201cNosotros venimos trabajando con las escuelas que tienen su equipo de psic\u00f3logos. Se est\u00e1 haciendo seguimiento no solo a los ni\u00f1os, sino a la familia y a los hogares donde viven\u201d.<\/p>\n<\/blockquote>\n\n\n\n<p>Asimismo, puso el foco en el entorno familiar como factor determinante en la conducta de los j\u00f3venes. En ese marco, expres\u00f3: \u201cLos chicos van a la escuela, pero lo que tienen en la cabeza muchas veces es lo que viven en la casa. Muchas veces se viven cosas que no son agradables en los hogares por diferentes motivos\u201d.<\/p>\n\n\n\n<h3 class=\"wp-block-heading\">Responsabilidad de los adultos<\/h3>\n\n\n\n<p>El titular del Poder Ejecutivo provincial subray\u00f3 el rol central de los padres en la formaci\u00f3n y el control de los estudiantes. En ese sentido, remarc\u00f3: \u201cLa familia que manda un chico a la escuela lo manda confiada en que va a ir y va a volver bien. Cada familia se tiene que hacer cargo\u201d.<\/p>\n\n\n\n<p>En relaci\u00f3n con el hecho puntual, sostuvo: \u201cUn chico cuando va a la escuela, el pap\u00e1, la mam\u00e1 o un hermano mayor tiene que ver qu\u00e9 lleva. No puede salir con un arma de la casa sin que alguien lo advierta. Hay una responsabilidad del pap\u00e1 y de la mam\u00e1\u201d.<\/p>\n\n\n\n<h3 class=\"wp-block-heading\">Acompa\u00f1amiento educativo<\/h3>\n\n\n\n<p>Por su parte, la ministra de Educaci\u00f3n,<strong>&nbsp;Susana Montaldo,<\/strong>&nbsp;explic\u00f3 que el caso qued\u00f3 en manos de las autoridades judiciales. Al referirse a la situaci\u00f3n, indic\u00f3: \u201cEsto ya es un tema de la justicia. \u00c9l no ha sacado el arma ni amenaz\u00f3 a nadie, as\u00ed que la polic\u00eda y la justicia tienen la \u00faltima palabra\u201d.<\/p>\n\n\n\n<p>En cuanto al abordaje institucional, la funcionaria destac\u00f3 el acompa\u00f1amiento al estudiante y su entorno. En ese marco, afirm\u00f3: \u201cLa medida es hablar con \u00e9l, y la justicia dir\u00e1 si le corresponde alg\u00fan castigo. Nosotros nos preocupamos por acompa\u00f1arlo para que pueda terminar el secundario\u201d.&nbsp;<\/p>\n\n\n\n<blockquote class=\"wp-block-quote is-layout-flow wp-block-quote-is-layout-flow\">\n<p>Montaldo tambi\u00e9n analiz\u00f3 el contexto social en el que se producen estos episodios. Al respecto, sostuvo: \u201cHay mucha violencia, especialmente en las redes sociales. Algunas veces no alcanza con la escuela, necesitamos que la familia y otros \u00e1mbitos sociales tambi\u00e9n acompa\u00f1en\u201d.<\/p>\n<\/blockquote>\n\n\n\n<p>En esa l\u00ednea, anticip\u00f3 acciones concretas del sistema educativo. La ministra inform\u00f3: \u201cEstamos preparando charlas y un congreso provincial de educaci\u00f3n donde uno de los temas ser\u00e1 lo socioemocional, destinado a padres y docentes para trabajar en forma conjunta\u201d.&nbsp;<\/p>\n\n\n\n<p>Finalmente, la titular de la cartera educativa aclar\u00f3 el alcance de los dispositivos de seguridad en los establecimientos. En ese sentido, explic\u00f3: \u201cEn casi todas las escuelas hay consigna policial, pero el polic\u00eda no est\u00e1 dentro del aula. La familia tiene que revisar qu\u00e9 lleva el alumno en la mochila\u201d.<\/p>\n","protected":false},"excerpt":{"rendered":"<p>&#8220;Venimos trabajando con las escuelas que tienen su equipo de psic\u00f3logos. Se est\u00e1 haciendo seguimiento&#8230;<\/p>\n","protected":false},"author":2,"featured_media":60096,"comment_status":"open","ping_status":"open","sticky":false,"template":"","format":"standard","meta":{"footnotes":""},"categories":[2],"tags":[],"class_list":["post-60095","post","type-post","status-publish","format-standard","has-post-thumbnail","hentry","category-locales"],"_links":{"self":[{"href":"https:\/\/masquenoticiastucuman.com.ar\/index.php?rest_route=\/wp\/v2\/posts\/60095","targetHints":{"allow":["GET"]}}],"collection":[{"href":"https:\/\/masquenoticiastucuman.com.ar\/index.php?rest_route=\/wp\/v2\/posts"}],"about":[{"href":"https:\/\/masquenoticiastucuman.com.ar\/index.php?rest_route=\/wp\/v2\/types\/post"}],"author":[{"embeddable":true,"href":"https:\/\/masquenoticiastucuman.com.ar\/index.php?rest_route=\/wp\/v2\/users\/2"}],"replies":[{"embeddable":true,"href":"https:\/\/masquenoticiastucuman.com.ar\/index.php?rest_route=%2Fwp%2Fv2%2Fcomments&post=60095"}],"version-history":[{"count":1,"href":"https:\/\/masquenoticiastucuman.com.ar\/index.php?rest_route=\/wp\/v2\/posts\/60095\/revisions"}],"predecessor-version":[{"id":60097,"href":"https:\/\/masquenoticiastucuman.com.ar\/index.php?rest_route=\/wp\/v2\/posts\/60095\/revisions\/60097"}],"wp:featuredmedia":[{"embeddable":true,"href":"https:\/\/masquenoticiastucuman.com.ar\/index.php?rest_route=\/wp\/v2\/media\/60096"}],"wp:attachment":[{"href":"https:\/\/masquenoticiastucuman.com.ar\/index.php?rest_route=%2Fwp%2Fv2%2Fmedia&parent=60095"}],"wp:term":[{"taxonomy":"category","embeddable":true,"href":"https:\/\/masquenoticiastucuman.com.ar\/index.php?rest_route=%2Fwp%2Fv2%2Fcategories&post=60095"},{"taxonomy":"post_tag","embeddable":true,"href":"https:\/\/masquenoticiastucuman.com.ar\/index.php?rest_route=%2Fwp%2Fv2%2Ftags&post=60095"}],"curies":[{"name":"wp","href":"https:\/\/api.w.org\/{rel}","templated":true}]}}