{"id":60198,"date":"2026-04-10T09:53:31","date_gmt":"2026-04-10T12:53:31","guid":{"rendered":"https:\/\/masquenoticiastucuman.com.ar\/?p=60198"},"modified":"2026-04-10T09:53:53","modified_gmt":"2026-04-10T12:53:53","slug":"tucuman-fortalecio-su-proyeccion-internacional-en-la-feria-anuga-select-brasil-2026","status":"publish","type":"post","link":"https:\/\/masquenoticiastucuman.com.ar\/?p=60198","title":{"rendered":"Tucum\u00e1n fortaleci\u00f3 su proyecci\u00f3n internacional en la feria Anuga Select Brasil 2026"},"content":{"rendered":"\n<p>El ministro de Gobierno y Justicia, Regino Amado, particip\u00f3 en San Pablo de una misi\u00f3n institucional junto con el Consejo Regional del Norte Grande, con el objetivo de potenciar las exportaciones, generar v\u00ednculos comerciales y abrir nuevas oportunidades para las econom\u00edas regionales.<\/p>\n\n\n\n<p>En representaci\u00f3n del gobernador&nbsp;<strong>Osvaldo Jaldo<\/strong>&nbsp;y en su rol de secretario ejecutivo por Tucum\u00e1n en el Consejo Regional del Norte Grande Argentino, el ministro Regino Amado particip\u00f3 de la feria internacional&nbsp;<strong>Anuga Select Brasil 2026<\/strong>, desarrollada del 7 al 9 de abril en San Pablo. La misi\u00f3n fue organizada de manera conjunta por el Consejo Federal de Inversiones (CFI) y la Agencia Argentina de Inversiones y Comercio Internacional, consolid\u00e1ndose como una plataforma estrat\u00e9gica para posicionar la oferta exportable de las provincias del norte argentino.<\/p>\n\n\n\n<p>Durante la actividad, el funcionario form\u00f3 parte de la recepci\u00f3n oficial organizada por el Consulado General y Centro de Promoci\u00f3n de la Rep\u00fablica Argentina en San Pablo, encabezada por el c\u00f3nsul general&nbsp;<strong>Luis Mar\u00eda Kreckler<\/strong>, donde participaron representantes del CFI, autoridades de distintas provincias y estados, empresarios argentinos y brasile\u00f1os, importadores, exportadores y referentes del sector log\u00edstico e industrial.&nbsp;<strong>El encuentro permiti\u00f3 generar un espacio de intercambio directo para fortalecer v\u00ednculos y promover futuras oportunidades de negocio entre ambos pa\u00edses.<\/strong><\/p>\n\n\n\n<figure class=\"wp-block-image size-large\"><img loading=\"lazy\" decoding=\"async\" width=\"1024\" height=\"683\" src=\"https:\/\/masquenoticiastucuman.com.ar\/wp-content\/uploads\/2026\/04\/260410082919_27004-1024x683.jpeg\" alt=\"\" class=\"wp-image-60199\" srcset=\"https:\/\/masquenoticiastucuman.com.ar\/wp-content\/uploads\/2026\/04\/260410082919_27004-1024x683.jpeg 1024w, https:\/\/masquenoticiastucuman.com.ar\/wp-content\/uploads\/2026\/04\/260410082919_27004-300x200.jpeg 300w, https:\/\/masquenoticiastucuman.com.ar\/wp-content\/uploads\/2026\/04\/260410082919_27004-768x512.jpeg 768w, https:\/\/masquenoticiastucuman.com.ar\/wp-content\/uploads\/2026\/04\/260410082919_27004.jpeg 1125w\" sizes=\"auto, (max-width: 1024px) 100vw, 1024px\" \/><\/figure>\n\n\n\n<p>En ese marco, Amado destac\u00f3 la importancia de la presencia tucumana en este tipo de eventos internacionales, subrayando que la provincia mantiene una relaci\u00f3n comercial estrat\u00e9gica con Brasil, uno de sus principales socios. En 2024, Tucum\u00e1n export\u00f3 aproximadamente 954 millones de d\u00f3lares, siendo Brasil el segundo destino de exportaci\u00f3n, con cerca del 17% al 20% del total, principalmente en productos industriales y agroindustriales.<\/p>\n\n\n\n<p><strong>La oferta exportable tucumana hacia el mercado brasile\u00f1o incluye una amplia variedad de productos, con fuerte predominio del complejo citr\u00edcola \u2014lim\u00f3n fresco, jugos y aceites esenciales\u2014, adem\u00e1s de derivados del az\u00facar, legumbres, cereales y frutas finas.&nbsp;<\/strong>A esto se suma el sector industrial, con especial protagonismo de la actividad autopartista: la planta de Scania en Colombres exporta el 95% de su producci\u00f3n a Brasil, consolidando un v\u00ednculo clave en materia de industria y empleo.<\/p>\n\n\n\n<p>Asimismo, la provincia cuenta con un entramado metalmec\u00e1nico que tambi\u00e9n exporta maquinaria y componentes, y con industrias alimenticias que agregan valor a la producci\u00f3n primaria, como el caso de las pastas secas y productos derivados del trigo, que buscan ampliar su presencia en el mercado regional.<\/p>\n\n\n\n<p>La participaci\u00f3n en Anuga Select Brasil permiti\u00f3, adem\u00e1s, integrar rondas de negocios bajo la modalidad de meeting point, facilitando encuentros previamente coordinados con potenciales compradores y socios comerciales, en un contexto donde el 88% de los asistentes manifiesta asistir con el objetivo de concretar negocios y encontrar nuevos proveedores.<\/p>\n\n\n\n<p>En este sentido, Amado remarc\u00f3 que estos espacios no solo fortalecen la visibilidad de Tucum\u00e1n y el Norte Grande, sino que tambi\u00e9n contribuyen a generar inversiones, ampliar mercados y promover la creaci\u00f3n de empleo genuino en la provincia.<\/p>\n\n\n\n<p>La presencia tucumana en uno de los principales encuentros de la industria de alimentos y bebidas de Am\u00e9rica Latina reafirma la estrategia de inserci\u00f3n internacional impulsada por el gobernador Osvaldo Jaldo, consolidando v\u00ednculos comerciales y proyectando el desarrollo productivo hacia nuevos mercados.<\/p>\n\n\n\n<p><\/p>\n","protected":false},"excerpt":{"rendered":"<p>El ministro de Gobierno y Justicia, Regino Amado, particip\u00f3 en San Pablo de una misi\u00f3n&#8230;<\/p>\n","protected":false},"author":2,"featured_media":60200,"comment_status":"open","ping_status":"open","sticky":false,"template":"","format":"standard","meta":{"footnotes":""},"categories":[1],"tags":[],"class_list":["post-60198","post","type-post","status-publish","format-standard","has-post-thumbnail","hentry","category-uncategorized"],"_links":{"self":[{"href":"https:\/\/masquenoticiastucuman.com.ar\/index.php?rest_route=\/wp\/v2\/posts\/60198","targetHints":{"allow":["GET"]}}],"collection":[{"href":"https:\/\/masquenoticiastucuman.com.ar\/index.php?rest_route=\/wp\/v2\/posts"}],"about":[{"href":"https:\/\/masquenoticiastucuman.com.ar\/index.php?rest_route=\/wp\/v2\/types\/post"}],"author":[{"embeddable":true,"href":"https:\/\/masquenoticiastucuman.com.ar\/index.php?rest_route=\/wp\/v2\/users\/2"}],"replies":[{"embeddable":true,"href":"https:\/\/masquenoticiastucuman.com.ar\/index.php?rest_route=%2Fwp%2Fv2%2Fcomments&post=60198"}],"version-history":[{"count":1,"href":"https:\/\/masquenoticiastucuman.com.ar\/index.php?rest_route=\/wp\/v2\/posts\/60198\/revisions"}],"predecessor-version":[{"id":60201,"href":"https:\/\/masquenoticiastucuman.com.ar\/index.php?rest_route=\/wp\/v2\/posts\/60198\/revisions\/60201"}],"wp:featuredmedia":[{"embeddable":true,"href":"https:\/\/masquenoticiastucuman.com.ar\/index.php?rest_route=\/wp\/v2\/media\/60200"}],"wp:attachment":[{"href":"https:\/\/masquenoticiastucuman.com.ar\/index.php?rest_route=%2Fwp%2Fv2%2Fmedia&parent=60198"}],"wp:term":[{"taxonomy":"category","embeddable":true,"href":"https:\/\/masquenoticiastucuman.com.ar\/index.php?rest_route=%2Fwp%2Fv2%2Fcategories&post=60198"},{"taxonomy":"post_tag","embeddable":true,"href":"https:\/\/masquenoticiastucuman.com.ar\/index.php?rest_route=%2Fwp%2Fv2%2Ftags&post=60198"}],"curies":[{"name":"wp","href":"https:\/\/api.w.org\/{rel}","templated":true}]}}