{"id":60204,"date":"2026-04-10T09:07:21","date_gmt":"2026-04-10T12:07:21","guid":{"rendered":"http:\/\/masquenoticiastucuman.com.ar\/?p=60204"},"modified":"2026-04-10T09:07:21","modified_gmt":"2026-04-10T12:07:21","slug":"guerra-en-medio-oriente-las-negociaciones-entre-ee-uu-e-iran-en-pakistan-nacen-bajo-fuego-y-con-final-incierto","status":"publish","type":"post","link":"https:\/\/masquenoticiastucuman.com.ar\/?p=60204","title":{"rendered":"Guerra en Medio Oriente: las negociaciones entre EE.UU. e Ir\u00e1n en Pakist\u00e1n nacen bajo fuego y con final incierto"},"content":{"rendered":"<ul>\n<li>Teher\u00e1n se\u00f1al\u00f3 que no habr\u00e1 conversaciones si el L\u00edbano no se incluye en el alto fuego pactado esta semana. Dijo que hasta entonces el di\u00e1logo &#8220;est\u00e1 suspendido&#8221;.<\/li>\n<li>El encuentro entre ambas delegaciones est\u00e1 previsto para el s\u00e1bado en Islamabad.<\/li>\n<\/ul>\n<p>\u200bTeher\u00e1n se\u00f1al\u00f3 que no habr\u00e1 conversaciones si el L\u00edbano no se incluye en el alto fuego pactado esta semana. Dijo que hasta entonces el di\u00e1logo &#8220;est\u00e1 suspendido&#8221;.El encuentro entre ambas delegaciones est\u00e1 previsto para el s\u00e1bado en Islamabad.\u00a0<a href=\"https:\/\/www.clarin.com\/mundo\/guerra-medio-oriente-negociaciones-eeuu-iran-pakistan-nacen-fuego-final-incierto_0_lG2lIVSFQm.html\" target=\"_blank\" class=\"feedzy-rss-link-icon\">Read More<\/a><\/p>","protected":false},"excerpt":{"rendered":"<p>Teher\u00e1n se\u00f1al\u00f3 que no habr\u00e1 conversaciones si el L\u00edbano no se incluye en el alto&#8230;<\/p>\n","protected":false},"author":1,"featured_media":60205,"comment_status":"open","ping_status":"open","sticky":false,"template":"","format":"standard","meta":{"footnotes":""},"categories":[4],"tags":[],"class_list":["post-60204","post","type-post","status-publish","format-standard","has-post-thumbnail","hentry","category-internacionales"],"_links":{"self":[{"href":"https:\/\/masquenoticiastucuman.com.ar\/index.php?rest_route=\/wp\/v2\/posts\/60204","targetHints":{"allow":["GET"]}}],"collection":[{"href":"https:\/\/masquenoticiastucuman.com.ar\/index.php?rest_route=\/wp\/v2\/posts"}],"about":[{"href":"https:\/\/masquenoticiastucuman.com.ar\/index.php?rest_route=\/wp\/v2\/types\/post"}],"author":[{"embeddable":true,"href":"https:\/\/masquenoticiastucuman.com.ar\/index.php?rest_route=\/wp\/v2\/users\/1"}],"replies":[{"embeddable":true,"href":"https:\/\/masquenoticiastucuman.com.ar\/index.php?rest_route=%2Fwp%2Fv2%2Fcomments&post=60204"}],"version-history":[{"count":0,"href":"https:\/\/masquenoticiastucuman.com.ar\/index.php?rest_route=\/wp\/v2\/posts\/60204\/revisions"}],"wp:featuredmedia":[{"embeddable":true,"href":"https:\/\/masquenoticiastucuman.com.ar\/index.php?rest_route=\/wp\/v2\/media\/60205"}],"wp:attachment":[{"href":"https:\/\/masquenoticiastucuman.com.ar\/index.php?rest_route=%2Fwp%2Fv2%2Fmedia&parent=60204"}],"wp:term":[{"taxonomy":"category","embeddable":true,"href":"https:\/\/masquenoticiastucuman.com.ar\/index.php?rest_route=%2Fwp%2Fv2%2Fcategories&post=60204"},{"taxonomy":"post_tag","embeddable":true,"href":"https:\/\/masquenoticiastucuman.com.ar\/index.php?rest_route=%2Fwp%2Fv2%2Ftags&post=60204"}],"curies":[{"name":"wp","href":"https:\/\/api.w.org\/{rel}","templated":true}]}}