{"id":60206,"date":"2026-04-10T08:24:04","date_gmt":"2026-04-10T11:24:04","guid":{"rendered":"http:\/\/masquenoticiastucuman.com.ar\/?p=60206"},"modified":"2026-04-10T08:24:04","modified_gmt":"2026-04-10T11:24:04","slug":"guerra-entre-estados-unidos-israel-e-iran-en-vivo-antes-de-la-cumbre-en-pakistan-el-regimen-persa-advirtio-que-no-negociara-con-trump-hasta-el-alto-el-fuego-en-el-libano","status":"publish","type":"post","link":"https:\/\/masquenoticiastucuman.com.ar\/?p=60206","title":{"rendered":"Guerra entre Estados Unidos, Israel e Ir\u00e1n, EN VIVO: antes de la cumbre en Pakist\u00e1n, el r\u00e9gimen persa advirti\u00f3 que no negociar\u00e1 con Trump hasta el alto el fuego en el L\u00edbano"},"content":{"rendered":"<ul>\n<li>El precio del petr\u00f3leo se mantiene en torno a los US$ 100 ante la incertidumbre por el futuro del Estrecho de Ormuz.<\/li>\n<li>Segu\u00ed todas las novedades sobre la guerra entre Estados Unidos, Israel e Ir\u00e1n en la cobertura minuto a minuto de Clar\u00edn.<\/li>\n<\/ul>\n<p>\u200bEl precio del petr\u00f3leo se mantiene en torno a los US$ 100 ante la incertidumbre por el futuro del Estrecho de Ormuz.Segu\u00ed todas las novedades sobre la guerra entre Estados Unidos, Israel e Ir\u00e1n en la cobertura minuto a minuto de Clar\u00edn.\u00a0<a href=\"https:\/\/www.clarin.com\/mundo\/guerra-estados-unidos-israel-iran-vivo-cumbre-pakistan-regimen-persa-advirtio-negociara-trump-alto-fuego-libano_0_6adZwypzY4.html\" target=\"_blank\" class=\"feedzy-rss-link-icon\">Read More<\/a><\/p>","protected":false},"excerpt":{"rendered":"<p>El precio del petr\u00f3leo se mantiene en torno a los US$ 100 ante la incertidumbre&#8230;<\/p>\n","protected":false},"author":1,"featured_media":60207,"comment_status":"open","ping_status":"open","sticky":false,"template":"","format":"standard","meta":{"footnotes":""},"categories":[4],"tags":[],"class_list":["post-60206","post","type-post","status-publish","format-standard","has-post-thumbnail","hentry","category-internacionales"],"_links":{"self":[{"href":"https:\/\/masquenoticiastucuman.com.ar\/index.php?rest_route=\/wp\/v2\/posts\/60206","targetHints":{"allow":["GET"]}}],"collection":[{"href":"https:\/\/masquenoticiastucuman.com.ar\/index.php?rest_route=\/wp\/v2\/posts"}],"about":[{"href":"https:\/\/masquenoticiastucuman.com.ar\/index.php?rest_route=\/wp\/v2\/types\/post"}],"author":[{"embeddable":true,"href":"https:\/\/masquenoticiastucuman.com.ar\/index.php?rest_route=\/wp\/v2\/users\/1"}],"replies":[{"embeddable":true,"href":"https:\/\/masquenoticiastucuman.com.ar\/index.php?rest_route=%2Fwp%2Fv2%2Fcomments&post=60206"}],"version-history":[{"count":0,"href":"https:\/\/masquenoticiastucuman.com.ar\/index.php?rest_route=\/wp\/v2\/posts\/60206\/revisions"}],"wp:featuredmedia":[{"embeddable":true,"href":"https:\/\/masquenoticiastucuman.com.ar\/index.php?rest_route=\/wp\/v2\/media\/60207"}],"wp:attachment":[{"href":"https:\/\/masquenoticiastucuman.com.ar\/index.php?rest_route=%2Fwp%2Fv2%2Fmedia&parent=60206"}],"wp:term":[{"taxonomy":"category","embeddable":true,"href":"https:\/\/masquenoticiastucuman.com.ar\/index.php?rest_route=%2Fwp%2Fv2%2Fcategories&post=60206"},{"taxonomy":"post_tag","embeddable":true,"href":"https:\/\/masquenoticiastucuman.com.ar\/index.php?rest_route=%2Fwp%2Fv2%2Ftags&post=60206"}],"curies":[{"name":"wp","href":"https:\/\/api.w.org\/{rel}","templated":true}]}}