{"id":60208,"date":"2026-04-10T08:59:38","date_gmt":"2026-04-10T11:59:38","guid":{"rendered":"http:\/\/masquenoticiastucuman.com.ar\/?p=60208"},"modified":"2026-04-10T08:59:38","modified_gmt":"2026-04-10T11:59:38","slug":"murio-afrika-bambaataa-el-padrino-del-hip-hop-y-salpicado-por-acusaciones-sexuales","status":"publish","type":"post","link":"https:\/\/masquenoticiastucuman.com.ar\/?p=60208","title":{"rendered":"Muri\u00f3 Afrika Bambaataa, el padrino del hip-hop y salpicado por acusaciones sexuales"},"content":{"rendered":"<ul>\n<li>Fue pionero en el ritmo urbano y comparti\u00f3 discos con James Brown, Lou Reed y Bruce Springsteen, entre otros.<\/li>\n<li>En 2025 se lo declar\u00f3 culpable en rebeld\u00eda por abusar sexualmente de un ni\u00f1o de 12 a\u00f1os durante cuatro a\u00f1os.<\/li>\n<li>El m\u00fasico ten\u00eda 67 a\u00f1os.<\/li>\n<\/ul>\n<p>\u200bFue pionero en el ritmo urbano y comparti\u00f3 discos con James Brown, Lou Reed y Bruce Springsteen, entre otros.En 2025 se lo declar\u00f3 culpable en rebeld\u00eda por abusar sexualmente de un ni\u00f1o de 12 a\u00f1os durante cuatro a\u00f1os.El m\u00fasico ten\u00eda 67 a\u00f1os.\u00a0<a href=\"https:\/\/www.clarin.com\/espectaculos\/murio-afrika-bambaataa-padrino-hip-hop-salpicado-acusaciones-sexuales_0_84PPLsCXWN.html\" target=\"_blank\" class=\"feedzy-rss-link-icon\">Read More<\/a><\/p>","protected":false},"excerpt":{"rendered":"<p>Fue pionero en el ritmo urbano y comparti\u00f3 discos con James Brown, Lou Reed y&#8230;<\/p>\n","protected":false},"author":1,"featured_media":0,"comment_status":"open","ping_status":"open","sticky":false,"template":"","format":"standard","meta":{"footnotes":""},"categories":[5],"tags":[],"class_list":["post-60208","post","type-post","status-publish","format-standard","has-post-thumbnail","hentry","category-espectaculo"],"_links":{"self":[{"href":"https:\/\/masquenoticiastucuman.com.ar\/index.php?rest_route=\/wp\/v2\/posts\/60208","targetHints":{"allow":["GET"]}}],"collection":[{"href":"https:\/\/masquenoticiastucuman.com.ar\/index.php?rest_route=\/wp\/v2\/posts"}],"about":[{"href":"https:\/\/masquenoticiastucuman.com.ar\/index.php?rest_route=\/wp\/v2\/types\/post"}],"author":[{"embeddable":true,"href":"https:\/\/masquenoticiastucuman.com.ar\/index.php?rest_route=\/wp\/v2\/users\/1"}],"replies":[{"embeddable":true,"href":"https:\/\/masquenoticiastucuman.com.ar\/index.php?rest_route=%2Fwp%2Fv2%2Fcomments&post=60208"}],"version-history":[{"count":0,"href":"https:\/\/masquenoticiastucuman.com.ar\/index.php?rest_route=\/wp\/v2\/posts\/60208\/revisions"}],"wp:attachment":[{"href":"https:\/\/masquenoticiastucuman.com.ar\/index.php?rest_route=%2Fwp%2Fv2%2Fmedia&parent=60208"}],"wp:term":[{"taxonomy":"category","embeddable":true,"href":"https:\/\/masquenoticiastucuman.com.ar\/index.php?rest_route=%2Fwp%2Fv2%2Fcategories&post=60208"},{"taxonomy":"post_tag","embeddable":true,"href":"https:\/\/masquenoticiastucuman.com.ar\/index.php?rest_route=%2Fwp%2Fv2%2Ftags&post=60208"}],"curies":[{"name":"wp","href":"https:\/\/api.w.org\/{rel}","templated":true}]}}