{"id":60209,"date":"2026-04-10T09:48:32","date_gmt":"2026-04-10T12:48:32","guid":{"rendered":"http:\/\/masquenoticiastucuman.com.ar\/?p=60209"},"modified":"2026-04-10T09:48:32","modified_gmt":"2026-04-10T12:48:32","slug":"hidrovia-el-gobierno-descalifico-a-uno-de-los-competidores-y-solo-quedan-dos-en-carrera","status":"publish","type":"post","link":"https:\/\/masquenoticiastucuman.com.ar\/?p=60209","title":{"rendered":"Hidrov\u00eda: el Gobierno descalific\u00f3 a uno de los competidores y solo quedan dos en carrera"},"content":{"rendered":"<ul>\n<li>Es la brasile\u00f1a porque no present\u00f3 la garant\u00eda de mantenimiento de la oferta, una de las condiciones del pliego.<\/li>\n<li>La disputa final por la privatizaci\u00f3n ser\u00e1 entre dos empresas de B\u00e9lgica.<\/li>\n<\/ul>\n<p>\u200bEs la brasile\u00f1a porque no present\u00f3 la garant\u00eda de mantenimiento de la oferta, una de las condiciones del pliego.La disputa final por la privatizaci\u00f3n ser\u00e1 entre dos empresas de B\u00e9lgica.\u00a0<a href=\"https:\/\/www.clarin.com\/economia\/hidrovia-gobierno-descalifico-competidores-solo-quedan-carrera_0_rrGlqfE6HM.html\" target=\"_blank\" class=\"feedzy-rss-link-icon\">Read More<\/a><\/p>","protected":false},"excerpt":{"rendered":"<p>Es la brasile\u00f1a porque no present\u00f3 la garant\u00eda de mantenimiento de la oferta, una de&#8230;<\/p>\n","protected":false},"author":1,"featured_media":0,"comment_status":"open","ping_status":"open","sticky":false,"template":"","format":"standard","meta":{"footnotes":""},"categories":[3],"tags":[],"class_list":["post-60209","post","type-post","status-publish","format-standard","has-post-thumbnail","hentry","category-nacionales"],"_links":{"self":[{"href":"https:\/\/masquenoticiastucuman.com.ar\/index.php?rest_route=\/wp\/v2\/posts\/60209","targetHints":{"allow":["GET"]}}],"collection":[{"href":"https:\/\/masquenoticiastucuman.com.ar\/index.php?rest_route=\/wp\/v2\/posts"}],"about":[{"href":"https:\/\/masquenoticiastucuman.com.ar\/index.php?rest_route=\/wp\/v2\/types\/post"}],"author":[{"embeddable":true,"href":"https:\/\/masquenoticiastucuman.com.ar\/index.php?rest_route=\/wp\/v2\/users\/1"}],"replies":[{"embeddable":true,"href":"https:\/\/masquenoticiastucuman.com.ar\/index.php?rest_route=%2Fwp%2Fv2%2Fcomments&post=60209"}],"version-history":[{"count":0,"href":"https:\/\/masquenoticiastucuman.com.ar\/index.php?rest_route=\/wp\/v2\/posts\/60209\/revisions"}],"wp:attachment":[{"href":"https:\/\/masquenoticiastucuman.com.ar\/index.php?rest_route=%2Fwp%2Fv2%2Fmedia&parent=60209"}],"wp:term":[{"taxonomy":"category","embeddable":true,"href":"https:\/\/masquenoticiastucuman.com.ar\/index.php?rest_route=%2Fwp%2Fv2%2Fcategories&post=60209"},{"taxonomy":"post_tag","embeddable":true,"href":"https:\/\/masquenoticiastucuman.com.ar\/index.php?rest_route=%2Fwp%2Fv2%2Ftags&post=60209"}],"curies":[{"name":"wp","href":"https:\/\/api.w.org\/{rel}","templated":true}]}}