{"id":60210,"date":"2026-04-10T10:31:57","date_gmt":"2026-04-10T13:31:57","guid":{"rendered":"http:\/\/masquenoticiastucuman.com.ar\/?p=60210"},"modified":"2026-04-10T10:31:57","modified_gmt":"2026-04-10T13:31:57","slug":"el-papa-parte-de-gira-por-cuatro-paises-africanos-en-una-mezcla-de-culturas-y-tradiciones-diversas","status":"publish","type":"post","link":"https:\/\/masquenoticiastucuman.com.ar\/?p=60210","title":{"rendered":"El Papa parte de gira por cuatro pa\u00edses africanos, en una mezcla de culturas y tradiciones diversas"},"content":{"rendered":"<ul>\n<li>Ser\u00e1 un extenso viaje por \u00c1frica entre el 13 y el 23 de abril.<\/li>\n<li>Le\u00f3n XIV ir\u00e1 a Argelia, Camer\u00fan, Angola y Guinea Ecuatorial. Y hablar\u00e1 en cuatro idiomas.<\/li>\n<\/ul>\n<p>\u200bSer\u00e1 un extenso viaje por \u00c1frica entre el 13 y el 23 de abril.Le\u00f3n XIV ir\u00e1 a Argelia, Camer\u00fan, Angola y Guinea Ecuatorial. Y hablar\u00e1 en cuatro idiomas.\u00a0<a href=\"https:\/\/www.clarin.com\/mundo\/papa-parte-gira-paises-africanos-mezcla-culturas-tradiciones-diversas_0_tpOksgRxdc.html\" target=\"_blank\" class=\"feedzy-rss-link-icon\">Read More<\/a><\/p>","protected":false},"excerpt":{"rendered":"<p>Ser\u00e1 un extenso viaje por \u00c1frica entre el 13 y el 23 de abril. Le\u00f3n&#8230;<\/p>\n","protected":false},"author":1,"featured_media":60211,"comment_status":"open","ping_status":"open","sticky":false,"template":"","format":"standard","meta":{"footnotes":""},"categories":[4],"tags":[],"class_list":["post-60210","post","type-post","status-publish","format-standard","has-post-thumbnail","hentry","category-internacionales"],"_links":{"self":[{"href":"https:\/\/masquenoticiastucuman.com.ar\/index.php?rest_route=\/wp\/v2\/posts\/60210","targetHints":{"allow":["GET"]}}],"collection":[{"href":"https:\/\/masquenoticiastucuman.com.ar\/index.php?rest_route=\/wp\/v2\/posts"}],"about":[{"href":"https:\/\/masquenoticiastucuman.com.ar\/index.php?rest_route=\/wp\/v2\/types\/post"}],"author":[{"embeddable":true,"href":"https:\/\/masquenoticiastucuman.com.ar\/index.php?rest_route=\/wp\/v2\/users\/1"}],"replies":[{"embeddable":true,"href":"https:\/\/masquenoticiastucuman.com.ar\/index.php?rest_route=%2Fwp%2Fv2%2Fcomments&post=60210"}],"version-history":[{"count":0,"href":"https:\/\/masquenoticiastucuman.com.ar\/index.php?rest_route=\/wp\/v2\/posts\/60210\/revisions"}],"wp:featuredmedia":[{"embeddable":true,"href":"https:\/\/masquenoticiastucuman.com.ar\/index.php?rest_route=\/wp\/v2\/media\/60211"}],"wp:attachment":[{"href":"https:\/\/masquenoticiastucuman.com.ar\/index.php?rest_route=%2Fwp%2Fv2%2Fmedia&parent=60210"}],"wp:term":[{"taxonomy":"category","embeddable":true,"href":"https:\/\/masquenoticiastucuman.com.ar\/index.php?rest_route=%2Fwp%2Fv2%2Fcategories&post=60210"},{"taxonomy":"post_tag","embeddable":true,"href":"https:\/\/masquenoticiastucuman.com.ar\/index.php?rest_route=%2Fwp%2Fv2%2Ftags&post=60210"}],"curies":[{"name":"wp","href":"https:\/\/api.w.org\/{rel}","templated":true}]}}