{"id":60214,"date":"2026-04-10T09:55:17","date_gmt":"2026-04-10T12:55:17","guid":{"rendered":"http:\/\/masquenoticiastucuman.com.ar\/?p=60214"},"modified":"2026-04-10T09:55:17","modified_gmt":"2026-04-10T12:55:17","slug":"cuando-se-estrena-mafalda-en-netflix-las-primeras-imagenes-de-la-serie-que-causaron-furor-en-redes-sociales","status":"publish","type":"post","link":"https:\/\/masquenoticiastucuman.com.ar\/?p=60214","title":{"rendered":"Cu\u00e1ndo se estrena Mafalda en Netflix: las primeras im\u00e1genes de la serie que causaron furor en redes sociales"},"content":{"rendered":"<ul>\n<li>La popular historieta de Quino llega al streaming. <\/li>\n<li>La serie estar\u00e1 escrita y dirigida por Juan Jos\u00e9 Campanella, el \u00faltimo argentino ganador del Oscar.<\/li>\n<\/ul>\n<p>\u200bLa popular historieta de Quino llega al streaming. La serie estar\u00e1 escrita y dirigida por Juan Jos\u00e9 Campanella, el \u00faltimo argentino ganador del Oscar.\u00a0<a href=\"https:\/\/www.clarin.com\/espectaculos\/estrena-mafalda-netflix-primeras-imagenes-serie-causaron-furor-redes-sociales_0_CyhAXLQBGC.html\" target=\"_blank\" class=\"feedzy-rss-link-icon\">Read More<\/a><\/p>","protected":false},"excerpt":{"rendered":"<p>La popular historieta de Quino llega al streaming. La serie estar\u00e1 escrita y dirigida por&#8230;<\/p>\n","protected":false},"author":1,"featured_media":0,"comment_status":"open","ping_status":"open","sticky":false,"template":"","format":"standard","meta":{"footnotes":""},"categories":[5],"tags":[],"class_list":["post-60214","post","type-post","status-publish","format-standard","has-post-thumbnail","hentry","category-espectaculo"],"_links":{"self":[{"href":"https:\/\/masquenoticiastucuman.com.ar\/index.php?rest_route=\/wp\/v2\/posts\/60214","targetHints":{"allow":["GET"]}}],"collection":[{"href":"https:\/\/masquenoticiastucuman.com.ar\/index.php?rest_route=\/wp\/v2\/posts"}],"about":[{"href":"https:\/\/masquenoticiastucuman.com.ar\/index.php?rest_route=\/wp\/v2\/types\/post"}],"author":[{"embeddable":true,"href":"https:\/\/masquenoticiastucuman.com.ar\/index.php?rest_route=\/wp\/v2\/users\/1"}],"replies":[{"embeddable":true,"href":"https:\/\/masquenoticiastucuman.com.ar\/index.php?rest_route=%2Fwp%2Fv2%2Fcomments&post=60214"}],"version-history":[{"count":0,"href":"https:\/\/masquenoticiastucuman.com.ar\/index.php?rest_route=\/wp\/v2\/posts\/60214\/revisions"}],"wp:attachment":[{"href":"https:\/\/masquenoticiastucuman.com.ar\/index.php?rest_route=%2Fwp%2Fv2%2Fmedia&parent=60214"}],"wp:term":[{"taxonomy":"category","embeddable":true,"href":"https:\/\/masquenoticiastucuman.com.ar\/index.php?rest_route=%2Fwp%2Fv2%2Fcategories&post=60214"},{"taxonomy":"post_tag","embeddable":true,"href":"https:\/\/masquenoticiastucuman.com.ar\/index.php?rest_route=%2Fwp%2Fv2%2Ftags&post=60214"}],"curies":[{"name":"wp","href":"https:\/\/api.w.org\/{rel}","templated":true}]}}