{"id":60215,"date":"2026-04-10T10:29:45","date_gmt":"2026-04-10T13:29:45","guid":{"rendered":"http:\/\/masquenoticiastucuman.com.ar\/?p=60215"},"modified":"2026-04-10T10:29:45","modified_gmt":"2026-04-10T13:29:45","slug":"lucas-blondel-hablo-de-su-salida-de-boca-y-cuanto-influyo-ser-novio-de-morena-beltran-lo-mas-doloroso-era-cuando-la-hacian-cargo-a-ella","status":"publish","type":"post","link":"https:\/\/masquenoticiastucuman.com.ar\/?p=60215","title":{"rendered":"Lucas Blondel habl\u00f3 de su salida de Boca y cu\u00e1nto influy\u00f3 ser novio de Morena Beltr\u00e1n: &#8220;Lo m\u00e1s doloroso era cuando la hac\u00edan cargo a ella&#8221;"},"content":{"rendered":"<ul>\n<li>Cedido a pr\u00e9stamo a Hurac\u00e1n, el lateral cont\u00f3 el detr\u00e1s de escena de su partida al Globo.<\/li>\n<li>Confes\u00f3 que tuvo que aclararles a los referentes del Xeneize que \u00e9l no pasaba data a la prensa.<\/li>\n<li>&#8220;Cuando me iba bien nadie dec\u00eda que yo filtraba cosas&#8221;, asegur\u00f3 en d\u00edalogo con TyC Sports.<\/li>\n<\/ul>\n<p>\u200bCedido a pr\u00e9stamo a Hurac\u00e1n, el lateral cont\u00f3 el detr\u00e1s de escena de su partida al Globo.Confes\u00f3 que tuvo que aclararles a los referentes del Xeneize que \u00e9l no pasaba data a la prensa.&#8221;Cuando me iba bien nadie dec\u00eda que yo filtraba cosas&#8221;, asegur\u00f3 en d\u00edalogo con TyC Sports.\u00a0<a href=\"https:\/\/www.clarin.com\/deportes\/lucas-blondel-hablo-salida-boca-influyo-novio-morena-beltran-doloroso-hacian-cargo_0_eWgag6qHHi.html\" target=\"_blank\" class=\"feedzy-rss-link-icon\">Read More<\/a><\/p>","protected":false},"excerpt":{"rendered":"<p>Cedido a pr\u00e9stamo a Hurac\u00e1n, el lateral cont\u00f3 el detr\u00e1s de escena de su partida&#8230;<\/p>\n","protected":false},"author":1,"featured_media":0,"comment_status":"open","ping_status":"open","sticky":false,"template":"","format":"standard","meta":{"footnotes":""},"categories":[6],"tags":[],"class_list":["post-60215","post","type-post","status-publish","format-standard","has-post-thumbnail","hentry","category-deportes"],"_links":{"self":[{"href":"https:\/\/masquenoticiastucuman.com.ar\/index.php?rest_route=\/wp\/v2\/posts\/60215","targetHints":{"allow":["GET"]}}],"collection":[{"href":"https:\/\/masquenoticiastucuman.com.ar\/index.php?rest_route=\/wp\/v2\/posts"}],"about":[{"href":"https:\/\/masquenoticiastucuman.com.ar\/index.php?rest_route=\/wp\/v2\/types\/post"}],"author":[{"embeddable":true,"href":"https:\/\/masquenoticiastucuman.com.ar\/index.php?rest_route=\/wp\/v2\/users\/1"}],"replies":[{"embeddable":true,"href":"https:\/\/masquenoticiastucuman.com.ar\/index.php?rest_route=%2Fwp%2Fv2%2Fcomments&post=60215"}],"version-history":[{"count":0,"href":"https:\/\/masquenoticiastucuman.com.ar\/index.php?rest_route=\/wp\/v2\/posts\/60215\/revisions"}],"wp:attachment":[{"href":"https:\/\/masquenoticiastucuman.com.ar\/index.php?rest_route=%2Fwp%2Fv2%2Fmedia&parent=60215"}],"wp:term":[{"taxonomy":"category","embeddable":true,"href":"https:\/\/masquenoticiastucuman.com.ar\/index.php?rest_route=%2Fwp%2Fv2%2Fcategories&post=60215"},{"taxonomy":"post_tag","embeddable":true,"href":"https:\/\/masquenoticiastucuman.com.ar\/index.php?rest_route=%2Fwp%2Fv2%2Ftags&post=60215"}],"curies":[{"name":"wp","href":"https:\/\/api.w.org\/{rel}","templated":true}]}}