{"id":60216,"date":"2026-04-10T10:21:00","date_gmt":"2026-04-10T13:21:00","guid":{"rendered":"http:\/\/masquenoticiastucuman.com.ar\/?p=60216"},"modified":"2026-04-10T10:21:00","modified_gmt":"2026-04-10T13:21:00","slug":"del-conflicto-en-medio-oriente-a-villa-soldati-espana-e-israel-jugaran-las-eliminatorias-al-mundial-del-handball-en-buenos-aires","status":"publish","type":"post","link":"https:\/\/masquenoticiastucuman.com.ar\/?p=60216","title":{"rendered":"Del conflicto en Medio Oriente a Villa Soldati: Espa\u00f1a e Israel jugar\u00e1n las eliminatorias al mundial del handball en Buenos Aires"},"content":{"rendered":"<ul>\n<li>Tiene que ver con la tensi\u00f3n que se vive desde los ataques israel\u00edes a la Franja de Gaza.<\/li>\n<li>Sus combinados debieron mudar la local\u00eda y fueron objeto de protestas por todo Europa.<\/li>\n<li>Esta vez acordaron jugar los dos encuentros en sede neutral: ser\u00e1n el 14 y 16 de mayo.<\/li>\n<\/ul>\n<p>\u200bTiene que ver con la tensi\u00f3n que se vive desde los ataques israel\u00edes a la Franja de Gaza.Sus combinados debieron mudar la local\u00eda y fueron objeto de protestas por todo Europa.Esta vez acordaron jugar los dos encuentros en sede neutral: ser\u00e1n el 14 y 16 de mayo.\u00a0<a href=\"https:\/\/www.clarin.com\/deportes\/conflicto-medio-oriente-villa-soldati-espana-israel-jugaran-eliminatorias-mundial-handball-buenos-aires_0_wPD2eMc1P5.html\" target=\"_blank\" class=\"feedzy-rss-link-icon\">Read More<\/a><\/p>","protected":false},"excerpt":{"rendered":"<p>Tiene que ver con la tensi\u00f3n que se vive desde los ataques israel\u00edes a la&#8230;<\/p>\n","protected":false},"author":1,"featured_media":0,"comment_status":"open","ping_status":"open","sticky":false,"template":"","format":"standard","meta":{"footnotes":""},"categories":[6],"tags":[],"class_list":["post-60216","post","type-post","status-publish","format-standard","has-post-thumbnail","hentry","category-deportes"],"_links":{"self":[{"href":"https:\/\/masquenoticiastucuman.com.ar\/index.php?rest_route=\/wp\/v2\/posts\/60216","targetHints":{"allow":["GET"]}}],"collection":[{"href":"https:\/\/masquenoticiastucuman.com.ar\/index.php?rest_route=\/wp\/v2\/posts"}],"about":[{"href":"https:\/\/masquenoticiastucuman.com.ar\/index.php?rest_route=\/wp\/v2\/types\/post"}],"author":[{"embeddable":true,"href":"https:\/\/masquenoticiastucuman.com.ar\/index.php?rest_route=\/wp\/v2\/users\/1"}],"replies":[{"embeddable":true,"href":"https:\/\/masquenoticiastucuman.com.ar\/index.php?rest_route=%2Fwp%2Fv2%2Fcomments&post=60216"}],"version-history":[{"count":0,"href":"https:\/\/masquenoticiastucuman.com.ar\/index.php?rest_route=\/wp\/v2\/posts\/60216\/revisions"}],"wp:attachment":[{"href":"https:\/\/masquenoticiastucuman.com.ar\/index.php?rest_route=%2Fwp%2Fv2%2Fmedia&parent=60216"}],"wp:term":[{"taxonomy":"category","embeddable":true,"href":"https:\/\/masquenoticiastucuman.com.ar\/index.php?rest_route=%2Fwp%2Fv2%2Fcategories&post=60216"},{"taxonomy":"post_tag","embeddable":true,"href":"https:\/\/masquenoticiastucuman.com.ar\/index.php?rest_route=%2Fwp%2Fv2%2Ftags&post=60216"}],"curies":[{"name":"wp","href":"https:\/\/api.w.org\/{rel}","templated":true}]}}