{"id":60233,"date":"2026-04-10T10:58:30","date_gmt":"2026-04-10T13:58:30","guid":{"rendered":"http:\/\/masquenoticiastucuman.com.ar\/?p=60233"},"modified":"2026-04-10T10:58:30","modified_gmt":"2026-04-10T13:58:30","slug":"masters-1000-de-montecarlo-sinner-sigue-imparable-y-chocara-en-semis-con-zverev-que-freno-el-historico-torneo-del-brasileno-joao-fonseca","status":"publish","type":"post","link":"https:\/\/masquenoticiastucuman.com.ar\/?p=60233","title":{"rendered":"Masters 1000 de Montecarlo: Sinner sigue imparable y chocar\u00e1 en semis con Zverev, que fren\u00f3 el hist\u00f3rico torneo del brasile\u00f1o Joao Fonseca"},"content":{"rendered":"<ul>\n<li>El italiano ya festej\u00f3 en Indian Wells y Miami, y busca repetir en el arranque de la gira europea.<\/li>\n<li>Venci\u00f3 sin problemas a Felix Auger Aliassime y solo perdi\u00f3 un set en los \u00faltimos 14 partidos.<\/li>\n<li>Ahora chocar\u00e1 con Zverev, que tuvo que batallar para bajar al carioca, de gran semana.<\/li>\n<\/ul>\n<p>\u200bEl italiano ya festej\u00f3 en Indian Wells y Miami, y busca repetir en el arranque de la gira europea.Venci\u00f3 sin problemas a Felix Auger Aliassime y solo perdi\u00f3 un set en los \u00faltimos 14 partidos.Ahora chocar\u00e1 con Zverev, que tuvo que batallar para bajar al carioca, de gran semana.\u00a0<a href=\"https:\/\/www.clarin.com\/deportes\/masters-1000-montecarlo-sinner-sigue-imparable-chocara-semis-zverev-freno-historico-torneo-brasileno-joao-fonseca_0_jKGEWG7gkh.html\" target=\"_blank\" class=\"feedzy-rss-link-icon\">Read More<\/a><\/p>","protected":false},"excerpt":{"rendered":"<p>El italiano ya festej\u00f3 en Indian Wells y Miami, y busca repetir en el arranque&#8230;<\/p>\n","protected":false},"author":1,"featured_media":0,"comment_status":"open","ping_status":"open","sticky":false,"template":"","format":"standard","meta":{"footnotes":""},"categories":[6],"tags":[],"class_list":["post-60233","post","type-post","status-publish","format-standard","has-post-thumbnail","hentry","category-deportes"],"_links":{"self":[{"href":"https:\/\/masquenoticiastucuman.com.ar\/index.php?rest_route=\/wp\/v2\/posts\/60233","targetHints":{"allow":["GET"]}}],"collection":[{"href":"https:\/\/masquenoticiastucuman.com.ar\/index.php?rest_route=\/wp\/v2\/posts"}],"about":[{"href":"https:\/\/masquenoticiastucuman.com.ar\/index.php?rest_route=\/wp\/v2\/types\/post"}],"author":[{"embeddable":true,"href":"https:\/\/masquenoticiastucuman.com.ar\/index.php?rest_route=\/wp\/v2\/users\/1"}],"replies":[{"embeddable":true,"href":"https:\/\/masquenoticiastucuman.com.ar\/index.php?rest_route=%2Fwp%2Fv2%2Fcomments&post=60233"}],"version-history":[{"count":0,"href":"https:\/\/masquenoticiastucuman.com.ar\/index.php?rest_route=\/wp\/v2\/posts\/60233\/revisions"}],"wp:attachment":[{"href":"https:\/\/masquenoticiastucuman.com.ar\/index.php?rest_route=%2Fwp%2Fv2%2Fmedia&parent=60233"}],"wp:term":[{"taxonomy":"category","embeddable":true,"href":"https:\/\/masquenoticiastucuman.com.ar\/index.php?rest_route=%2Fwp%2Fv2%2Fcategories&post=60233"},{"taxonomy":"post_tag","embeddable":true,"href":"https:\/\/masquenoticiastucuman.com.ar\/index.php?rest_route=%2Fwp%2Fv2%2Ftags&post=60233"}],"curies":[{"name":"wp","href":"https:\/\/api.w.org\/{rel}","templated":true}]}}