{"id":60245,"date":"2026-04-10T14:26:51","date_gmt":"2026-04-10T17:26:51","guid":{"rendered":"http:\/\/masquenoticiastucuman.com.ar\/?p=60245"},"modified":"2026-04-10T14:26:51","modified_gmt":"2026-04-10T17:26:51","slug":"sergio-maravilla-martinez-contra-el-picante-ryske-a-que-hora-y-donde-es-la-noche-de-las-leyendas","status":"publish","type":"post","link":"https:\/\/masquenoticiastucuman.com.ar\/?p=60245","title":{"rendered":"Sergio &#8220;Maravilla&#8221; Mart\u00ednez contra &#8220;El Picante&#8221; Ryske: a qu\u00e9 hora y d\u00f3nde es la &#8220;Noche de las Leyendas&#8221;"},"content":{"rendered":"<ul>\n<li>Maravilla vuelve al ring en una pelea que mezcla espect\u00e1culo y nostalgia.<\/li>\n<li>El rival ser\u00e1 Nicol\u00e1s Ryske, una leyenda del kickboxing.<\/li>\n<\/ul>\n<p>\u200bMaravilla vuelve al ring en una pelea que mezcla espect\u00e1culo y nostalgia.El rival ser\u00e1 Nicol\u00e1s Ryske, una leyenda del kickboxing.\u00a0<a href=\"https:\/\/www.clarin.com\/deportes\/sergio-maravilla-martinez-picante-ryske-hora-noche-leyendas_0_X2VcpXG0Pr.html\" target=\"_blank\" class=\"feedzy-rss-link-icon\">Read More<\/a><\/p>","protected":false},"excerpt":{"rendered":"<p>Maravilla vuelve al ring en una pelea que mezcla espect\u00e1culo y nostalgia. El rival ser\u00e1&#8230;<\/p>\n","protected":false},"author":1,"featured_media":0,"comment_status":"open","ping_status":"open","sticky":false,"template":"","format":"standard","meta":{"footnotes":""},"categories":[6],"tags":[],"class_list":["post-60245","post","type-post","status-publish","format-standard","has-post-thumbnail","hentry","category-deportes"],"_links":{"self":[{"href":"https:\/\/masquenoticiastucuman.com.ar\/index.php?rest_route=\/wp\/v2\/posts\/60245","targetHints":{"allow":["GET"]}}],"collection":[{"href":"https:\/\/masquenoticiastucuman.com.ar\/index.php?rest_route=\/wp\/v2\/posts"}],"about":[{"href":"https:\/\/masquenoticiastucuman.com.ar\/index.php?rest_route=\/wp\/v2\/types\/post"}],"author":[{"embeddable":true,"href":"https:\/\/masquenoticiastucuman.com.ar\/index.php?rest_route=\/wp\/v2\/users\/1"}],"replies":[{"embeddable":true,"href":"https:\/\/masquenoticiastucuman.com.ar\/index.php?rest_route=%2Fwp%2Fv2%2Fcomments&post=60245"}],"version-history":[{"count":0,"href":"https:\/\/masquenoticiastucuman.com.ar\/index.php?rest_route=\/wp\/v2\/posts\/60245\/revisions"}],"wp:attachment":[{"href":"https:\/\/masquenoticiastucuman.com.ar\/index.php?rest_route=%2Fwp%2Fv2%2Fmedia&parent=60245"}],"wp:term":[{"taxonomy":"category","embeddable":true,"href":"https:\/\/masquenoticiastucuman.com.ar\/index.php?rest_route=%2Fwp%2Fv2%2Fcategories&post=60245"},{"taxonomy":"post_tag","embeddable":true,"href":"https:\/\/masquenoticiastucuman.com.ar\/index.php?rest_route=%2Fwp%2Fv2%2Ftags&post=60245"}],"curies":[{"name":"wp","href":"https:\/\/api.w.org\/{rel}","templated":true}]}}