{"id":60246,"date":"2026-04-10T14:24:21","date_gmt":"2026-04-10T17:24:21","guid":{"rendered":"http:\/\/masquenoticiastucuman.com.ar\/?p=60246"},"modified":"2026-04-10T14:24:21","modified_gmt":"2026-04-10T17:24:21","slug":"la-mls-celebra-ser-la-liga-mas-diversa-de-norteamerica-tiene-futbolistas-de-78-paises-y-representantes-de-los-seis-continentes","status":"publish","type":"post","link":"https:\/\/masquenoticiastucuman.com.ar\/?p=60246","title":{"rendered":"La MLS celebra ser la liga m\u00e1s diversa de Norteam\u00e9rica: tiene futbolistas de 78 pa\u00edses y representantes de los seis continentes"},"content":{"rendered":"<ul>\n<li>Adem\u00e1s es la m\u00e1s joven, con un promedio de edad de 25,8 a\u00f1os.<\/li>\n<li>Argentina est\u00e1  detr\u00e1s de Brasil entre los que tienen m\u00e1s jugadores, con 32.<\/li>\n<li>Eso s\u00ed, la mitad de los planteles son materia prima propia, de Estados Unidos y Canada.<\/li>\n<\/ul>\n<p>\u200bAdem\u00e1s es la m\u00e1s joven, con un promedio de edad de 25,8 a\u00f1os.Argentina est\u00e1  detr\u00e1s de Brasil entre los que tienen m\u00e1s jugadores, con 32.Eso s\u00ed, la mitad de los planteles son materia prima propia, de Estados Unidos y Canada.\u00a0<a href=\"https:\/\/www.clarin.com\/deportes\/mls-celebra-liga-diversa-norteamerica-futbolistas-78-paises-representantes-continentes_0_rfTnW2TeL4.html\" target=\"_blank\" class=\"feedzy-rss-link-icon\">Read More<\/a><\/p>","protected":false},"excerpt":{"rendered":"<p>Adem\u00e1s es la m\u00e1s joven, con un promedio de edad de 25,8 a\u00f1os. Argentina est\u00e1&#8230;<\/p>\n","protected":false},"author":1,"featured_media":0,"comment_status":"open","ping_status":"open","sticky":false,"template":"","format":"standard","meta":{"footnotes":""},"categories":[6],"tags":[],"class_list":["post-60246","post","type-post","status-publish","format-standard","has-post-thumbnail","hentry","category-deportes"],"_links":{"self":[{"href":"https:\/\/masquenoticiastucuman.com.ar\/index.php?rest_route=\/wp\/v2\/posts\/60246","targetHints":{"allow":["GET"]}}],"collection":[{"href":"https:\/\/masquenoticiastucuman.com.ar\/index.php?rest_route=\/wp\/v2\/posts"}],"about":[{"href":"https:\/\/masquenoticiastucuman.com.ar\/index.php?rest_route=\/wp\/v2\/types\/post"}],"author":[{"embeddable":true,"href":"https:\/\/masquenoticiastucuman.com.ar\/index.php?rest_route=\/wp\/v2\/users\/1"}],"replies":[{"embeddable":true,"href":"https:\/\/masquenoticiastucuman.com.ar\/index.php?rest_route=%2Fwp%2Fv2%2Fcomments&post=60246"}],"version-history":[{"count":0,"href":"https:\/\/masquenoticiastucuman.com.ar\/index.php?rest_route=\/wp\/v2\/posts\/60246\/revisions"}],"wp:attachment":[{"href":"https:\/\/masquenoticiastucuman.com.ar\/index.php?rest_route=%2Fwp%2Fv2%2Fmedia&parent=60246"}],"wp:term":[{"taxonomy":"category","embeddable":true,"href":"https:\/\/masquenoticiastucuman.com.ar\/index.php?rest_route=%2Fwp%2Fv2%2Fcategories&post=60246"},{"taxonomy":"post_tag","embeddable":true,"href":"https:\/\/masquenoticiastucuman.com.ar\/index.php?rest_route=%2Fwp%2Fv2%2Ftags&post=60246"}],"curies":[{"name":"wp","href":"https:\/\/api.w.org\/{rel}","templated":true}]}}