{"id":60251,"date":"2026-04-10T15:59:25","date_gmt":"2026-04-10T18:59:25","guid":{"rendered":"http:\/\/masquenoticiastucuman.com.ar\/?p=60251"},"modified":"2026-04-10T15:59:25","modified_gmt":"2026-04-10T18:59:25","slug":"real-madrid-vs-girona-con-claudio-echeverri-en-vivo-por-laliga-de-espana-minuto-a-minuto-en-directo","status":"publish","type":"post","link":"https:\/\/masquenoticiastucuman.com.ar\/?p=60251","title":{"rendered":"Real Madrid vs Girona, con Claudio Echeverri, EN VIVO por LaLiga de Espa\u00f1a: minuto a minuto, en directo"},"content":{"rendered":"<ul>\n<li>Juegan en el estadio Santiago Bernab\u00e9u.<\/li>\n<li>Franco Mastantuono est\u00e1 suspendido por acumulaci\u00f3n de tarjetas amarillas.<\/li>\n<li>Y su ex compa\u00f1ero en River arranca de titular.<\/li>\n<\/ul>\n<p>\u200bJuegan en el estadio Santiago Bernab\u00e9u.Franco Mastantuono est\u00e1 suspendido por acumulaci\u00f3n de tarjetas amarillas.Y su ex compa\u00f1ero en River arranca de titular.\u00a0<a href=\"https:\/\/www.clarin.com\/deportes\/real-madrid-vs-girona-claudio-echeverri-vivo-laliga-espana-minuto-minuto-directo_0_QtEv5dHgcA.html\" target=\"_blank\" class=\"feedzy-rss-link-icon\">Read More<\/a><\/p>","protected":false},"excerpt":{"rendered":"<p>Juegan en el estadio Santiago Bernab\u00e9u. Franco Mastantuono est\u00e1 suspendido por acumulaci\u00f3n de tarjetas amarillas&#8230;.<\/p>\n","protected":false},"author":1,"featured_media":0,"comment_status":"open","ping_status":"open","sticky":false,"template":"","format":"standard","meta":{"footnotes":""},"categories":[6],"tags":[],"class_list":["post-60251","post","type-post","status-publish","format-standard","has-post-thumbnail","hentry","category-deportes"],"_links":{"self":[{"href":"https:\/\/masquenoticiastucuman.com.ar\/index.php?rest_route=\/wp\/v2\/posts\/60251","targetHints":{"allow":["GET"]}}],"collection":[{"href":"https:\/\/masquenoticiastucuman.com.ar\/index.php?rest_route=\/wp\/v2\/posts"}],"about":[{"href":"https:\/\/masquenoticiastucuman.com.ar\/index.php?rest_route=\/wp\/v2\/types\/post"}],"author":[{"embeddable":true,"href":"https:\/\/masquenoticiastucuman.com.ar\/index.php?rest_route=\/wp\/v2\/users\/1"}],"replies":[{"embeddable":true,"href":"https:\/\/masquenoticiastucuman.com.ar\/index.php?rest_route=%2Fwp%2Fv2%2Fcomments&post=60251"}],"version-history":[{"count":0,"href":"https:\/\/masquenoticiastucuman.com.ar\/index.php?rest_route=\/wp\/v2\/posts\/60251\/revisions"}],"wp:attachment":[{"href":"https:\/\/masquenoticiastucuman.com.ar\/index.php?rest_route=%2Fwp%2Fv2%2Fmedia&parent=60251"}],"wp:term":[{"taxonomy":"category","embeddable":true,"href":"https:\/\/masquenoticiastucuman.com.ar\/index.php?rest_route=%2Fwp%2Fv2%2Fcategories&post=60251"},{"taxonomy":"post_tag","embeddable":true,"href":"https:\/\/masquenoticiastucuman.com.ar\/index.php?rest_route=%2Fwp%2Fv2%2Ftags&post=60251"}],"curies":[{"name":"wp","href":"https:\/\/api.w.org\/{rel}","templated":true}]}}