{"id":60275,"date":"2026-04-11T06:01:22","date_gmt":"2026-04-11T09:01:22","guid":{"rendered":"http:\/\/masquenoticiastucuman.com.ar\/?p=60275"},"modified":"2026-04-11T06:01:22","modified_gmt":"2026-04-11T09:01:22","slug":"a-45-anos-del-dia-en-que-reutemann-se-convirtio-en-idolo-un-regalo-inesperado-su-ultima-carrera-en-buenos-aires-y-la-cima-de-la-formula-1","status":"publish","type":"post","link":"https:\/\/masquenoticiastucuman.com.ar\/?p=60275","title":{"rendered":"A 45 a\u00f1os del d\u00eda en que Reutemann se convirti\u00f3 en \u00eddolo: un regalo inesperado, su \u00faltima carrera en Buenos Aires y la cima de la F\u00f3rmula 1"},"content":{"rendered":"<ul>\n<li>En su cumplea\u00f1os 39, el Lole fue segundo en el Gran Premio de Argentina y qued\u00f3 como \u00fanico puntero del campeonato. <\/li>\n<li>Aquella carrera, marcada por la tensi\u00f3n con su equipo, ser\u00eda su \u00faltima vez en el podio en su tierra.<\/li>\n<\/ul>\n<p>\u200bEn su cumplea\u00f1os 39, el Lole fue segundo en el Gran Premio de Argentina y qued\u00f3 como \u00fanico puntero del campeonato. Aquella carrera, marcada por la tensi\u00f3n con su equipo, ser\u00eda su \u00faltima vez en el podio en su tierra.\u00a0<a href=\"https:\/\/www.clarin.com\/deportes\/45-anos-dia-reutemann-convirtio-idolo-regalo-inesperado-ultima-carrera-buenos-aires-cima-formula-1_0_9Y9l92uNXI.html\" target=\"_blank\" class=\"feedzy-rss-link-icon\">Read More<\/a><\/p>","protected":false},"excerpt":{"rendered":"<p>En su cumplea\u00f1os 39, el Lole fue segundo en el Gran Premio de Argentina y&#8230;<\/p>\n","protected":false},"author":1,"featured_media":0,"comment_status":"open","ping_status":"open","sticky":false,"template":"","format":"standard","meta":{"footnotes":""},"categories":[6],"tags":[],"class_list":["post-60275","post","type-post","status-publish","format-standard","has-post-thumbnail","hentry","category-deportes"],"_links":{"self":[{"href":"https:\/\/masquenoticiastucuman.com.ar\/index.php?rest_route=\/wp\/v2\/posts\/60275","targetHints":{"allow":["GET"]}}],"collection":[{"href":"https:\/\/masquenoticiastucuman.com.ar\/index.php?rest_route=\/wp\/v2\/posts"}],"about":[{"href":"https:\/\/masquenoticiastucuman.com.ar\/index.php?rest_route=\/wp\/v2\/types\/post"}],"author":[{"embeddable":true,"href":"https:\/\/masquenoticiastucuman.com.ar\/index.php?rest_route=\/wp\/v2\/users\/1"}],"replies":[{"embeddable":true,"href":"https:\/\/masquenoticiastucuman.com.ar\/index.php?rest_route=%2Fwp%2Fv2%2Fcomments&post=60275"}],"version-history":[{"count":0,"href":"https:\/\/masquenoticiastucuman.com.ar\/index.php?rest_route=\/wp\/v2\/posts\/60275\/revisions"}],"wp:attachment":[{"href":"https:\/\/masquenoticiastucuman.com.ar\/index.php?rest_route=%2Fwp%2Fv2%2Fmedia&parent=60275"}],"wp:term":[{"taxonomy":"category","embeddable":true,"href":"https:\/\/masquenoticiastucuman.com.ar\/index.php?rest_route=%2Fwp%2Fv2%2Fcategories&post=60275"},{"taxonomy":"post_tag","embeddable":true,"href":"https:\/\/masquenoticiastucuman.com.ar\/index.php?rest_route=%2Fwp%2Fv2%2Ftags&post=60275"}],"curies":[{"name":"wp","href":"https:\/\/api.w.org\/{rel}","templated":true}]}}