{"id":60282,"date":"2026-04-11T06:01:18","date_gmt":"2026-04-11T09:01:18","guid":{"rendered":"http:\/\/masquenoticiastucuman.com.ar\/?p=60282"},"modified":"2026-04-11T06:01:18","modified_gmt":"2026-04-11T09:01:18","slug":"cerro-pinar-de-rocha-de-soda-stereo-y-bad-bunny-a-julio-iglesias-los-artistas-consagrados-que-pasaron-por-el-boliche-antes-de-la-fama","status":"publish","type":"post","link":"https:\/\/masquenoticiastucuman.com.ar\/?p=60282","title":{"rendered":"Cerr\u00f3 Pinar de Rocha: de Soda Stereo y Bad Bunny a Julio Iglesias, los artistas consagrados que pasaron por el boliche antes de la fama"},"content":{"rendered":"<ul>\n<li>Desde las primeras rimas de Duki hasta Los Redonditos de Ricota, la m\u00edtica discoteca del Oeste bonaerense fue testigo de los comienzos de estrellas que hoy llenan estadios y rompen r\u00e9cords.<\/li>\n<li>Con su cierre, deja atr\u00e1s una historia de shows \u00edntimos que marcaron el inicio de grandes carreras musicales.<\/li>\n<\/ul>\n<p>\u200bDesde las primeras rimas de Duki hasta Los Redonditos de Ricota, la m\u00edtica discoteca del Oeste bonaerense fue testigo de los comienzos de estrellas que hoy llenan estadios y rompen r\u00e9cords.Con su cierre, deja atr\u00e1s una historia de shows \u00edntimos que marcaron el inicio de grandes carreras musicales.\u00a0<a href=\"https:\/\/www.clarin.com\/espectaculos\/cerro-pinar-rocha-soda-stereo-bad-bunny-julio-iglesias-artistas-consagrados-pasaron-boliche-fama_0_pckdho7ZCU.html\" target=\"_blank\" class=\"feedzy-rss-link-icon\">Read More<\/a><\/p>","protected":false},"excerpt":{"rendered":"<p>Desde las primeras rimas de Duki hasta Los Redonditos de Ricota, la m\u00edtica discoteca del&#8230;<\/p>\n","protected":false},"author":1,"featured_media":0,"comment_status":"open","ping_status":"open","sticky":false,"template":"","format":"standard","meta":{"footnotes":""},"categories":[5],"tags":[],"class_list":["post-60282","post","type-post","status-publish","format-standard","has-post-thumbnail","hentry","category-espectaculo"],"_links":{"self":[{"href":"https:\/\/masquenoticiastucuman.com.ar\/index.php?rest_route=\/wp\/v2\/posts\/60282","targetHints":{"allow":["GET"]}}],"collection":[{"href":"https:\/\/masquenoticiastucuman.com.ar\/index.php?rest_route=\/wp\/v2\/posts"}],"about":[{"href":"https:\/\/masquenoticiastucuman.com.ar\/index.php?rest_route=\/wp\/v2\/types\/post"}],"author":[{"embeddable":true,"href":"https:\/\/masquenoticiastucuman.com.ar\/index.php?rest_route=\/wp\/v2\/users\/1"}],"replies":[{"embeddable":true,"href":"https:\/\/masquenoticiastucuman.com.ar\/index.php?rest_route=%2Fwp%2Fv2%2Fcomments&post=60282"}],"version-history":[{"count":0,"href":"https:\/\/masquenoticiastucuman.com.ar\/index.php?rest_route=\/wp\/v2\/posts\/60282\/revisions"}],"wp:attachment":[{"href":"https:\/\/masquenoticiastucuman.com.ar\/index.php?rest_route=%2Fwp%2Fv2%2Fmedia&parent=60282"}],"wp:term":[{"taxonomy":"category","embeddable":true,"href":"https:\/\/masquenoticiastucuman.com.ar\/index.php?rest_route=%2Fwp%2Fv2%2Fcategories&post=60282"},{"taxonomy":"post_tag","embeddable":true,"href":"https:\/\/masquenoticiastucuman.com.ar\/index.php?rest_route=%2Fwp%2Fv2%2Ftags&post=60282"}],"curies":[{"name":"wp","href":"https:\/\/api.w.org\/{rel}","templated":true}]}}