{"id":60287,"date":"2026-04-11T12:22:41","date_gmt":"2026-04-11T15:22:41","guid":{"rendered":"https:\/\/masquenoticiastucuman.com.ar\/?p=60287"},"modified":"2026-04-11T19:56:09","modified_gmt":"2026-04-11T22:56:09","slug":"incorporacion-tecnologica-en-el-hospital-padilla-optimiza-diagnosticos-oftamlogicos","status":"publish","type":"post","link":"https:\/\/masquenoticiastucuman.com.ar\/?p=60287","title":{"rendered":"Incorporaci\u00f3n tecnol\u00f3gica en el Hospital Padilla optimiza diagn\u00f3sticos oftalmol\u00f3gicos"},"content":{"rendered":"\n<p>\u00abEste equipamiento era necesario para que el hospital pueda contar con la totalidad de los servicios posibles y brindar atenci\u00f3n de calidad a la comunidad\u201d, sostuvo el ministro Medina Ruiz.<\/p>\n\n\n\n<p id=\"isPasted\">El Ministerio de Salud P\u00fablica de Tucum\u00e1n contin\u00faa fortaleciendo la red sanitaria provincial con la incorporaci\u00f3n de equipamiento de alta complejidad. En esta oportunidad, el servicio de oftalmolog\u00eda del Hospital \u00c1ngel C. Padilla recibi\u00f3 un moderno ec\u00f3grafo ocular, destinado a mejorar la capacidad diagn\u00f3stica y la calidad de atenci\u00f3n de los pacientes.<\/p>\n\n\n\n<p>Durante la entrega, el ministro de Salud, doctor Luis Medina Ruiz, destac\u00f3 la importancia de sumar tecnolog\u00eda de \u00faltima generaci\u00f3n al sistema p\u00fablico: \u201cCon mucha satisfacci\u00f3n estamos en el Hospital Padilla haciendo entrega de un equipo de ecograf\u00eda oftalmol\u00f3gica de la mejor tecnolog\u00eda. Este equipamiento era necesario para que el hospital pueda contar con la totalidad de los servicios posibles y brindar atenci\u00f3n de calidad a la comunidad\u201d.<\/p>\n\n\n\n<p>El funcionario remarc\u00f3 adem\u00e1s que esta incorporaci\u00f3n forma parte de una pol\u00edtica sostenida de inversi\u00f3n impulsada por el gobernador Osvaldo Jaldo, orientada a garantizar el acceso a una salud p\u00fablica eficiente y cercana: \u201cGracias a esta decisi\u00f3n de gesti\u00f3n, seguimos equipando a nuestros profesionales con herramientas que impactan directamente en mejores diagn\u00f3sticos y tratamientos\u201d.<\/p>\n\n\n\n<p>Por su parte, el director del efector, doctor Mario Sard\u00f3n Traverso, subray\u00f3 el valor estrat\u00e9gico del nuevo dispositivo para el hospital: \u201cEste es un compromiso asumido por el gobernador y el ministro con nuestro servicio de oftalmolog\u00eda, uno de los m\u00e1s destacados de la regi\u00f3n. Este equipamiento nos permitir\u00e1 optimizar la calidad de atenci\u00f3n, especialmente en pacientes diab\u00e9ticos y en aquellos que requieren evaluaciones prequir\u00fargicas\u201d.<\/p>\n\n\n\n<p>En la misma l\u00ednea, el jefe del servicio de oftalmolog\u00eda, doctor Javier Marengo, explic\u00f3 que el ec\u00f3grafo ocular resulta fundamental para la pr\u00e1ctica diaria: \u201cNos permite realizar diagn\u00f3sticos precisos y preparar a los pacientes para cirug\u00edas. Es clave para detectar patolog\u00edas como desprendimiento de retina, evaluar cataratas y calcular la pr\u00f3tesis adecuada, adem\u00e1s de medir el grosor corneal en casos de glaucoma\u201d.<\/p>\n\n\n\n<p>Marengo tambi\u00e9n destac\u00f3 la r\u00e1pida respuesta del Ministerio ante la necesidad planteada: \u201cSolicitamos este equipo en noviembre del a\u00f1o pasado y hoy ya lo tenemos disponible. Esto demuestra un compromiso concreto con la modernizaci\u00f3n del servicio, que est\u00e1 pr\u00f3ximo a completar su equipamiento integral\u201d.<\/p>\n\n\n\n<p>El servicio de oftalmolog\u00eda del Hospital Padilla funciona con guardia activa las 24 horas, consultorios externos en doble turno y actividad quir\u00fargica diaria, tanto en este efector como en el Hospital N\u00e9stor Kirchner. Atiende desde patolog\u00edas frecuentes hasta casos complejos, incluyendo traumatismos oculares derivados de emergencias.<\/p>\n\n\n\n<p>La entrega cont\u00f3 adem\u00e1s con la presencia de la ingeniera Natalia Santilli, directora de Coordinaci\u00f3n T\u00e9cnica de la Direcci\u00f3n de Infraestructura, quien acompa\u00f1\u00f3 el proceso de incorporaci\u00f3n del equipo.<\/p>\n\n\n\n<p>De esta manera, el Ministerio de Salud P\u00fablica reafirma su compromiso con el fortalecimiento del sistema sanitario, priorizando la incorporaci\u00f3n de tecnolog\u00eda y la mejora continua en la atenci\u00f3n para todos los tucumanos.<\/p>\n","protected":false},"excerpt":{"rendered":"<p>\u00abEste equipamiento era necesario para que el hospital pueda contar con la totalidad de los&#8230;<\/p>\n","protected":false},"author":2,"featured_media":60288,"comment_status":"open","ping_status":"open","sticky":false,"template":"","format":"standard","meta":{"footnotes":""},"categories":[2],"tags":[],"class_list":["post-60287","post","type-post","status-publish","format-standard","has-post-thumbnail","hentry","category-locales"],"_links":{"self":[{"href":"https:\/\/masquenoticiastucuman.com.ar\/index.php?rest_route=\/wp\/v2\/posts\/60287","targetHints":{"allow":["GET"]}}],"collection":[{"href":"https:\/\/masquenoticiastucuman.com.ar\/index.php?rest_route=\/wp\/v2\/posts"}],"about":[{"href":"https:\/\/masquenoticiastucuman.com.ar\/index.php?rest_route=\/wp\/v2\/types\/post"}],"author":[{"embeddable":true,"href":"https:\/\/masquenoticiastucuman.com.ar\/index.php?rest_route=\/wp\/v2\/users\/2"}],"replies":[{"embeddable":true,"href":"https:\/\/masquenoticiastucuman.com.ar\/index.php?rest_route=%2Fwp%2Fv2%2Fcomments&post=60287"}],"version-history":[{"count":4,"href":"https:\/\/masquenoticiastucuman.com.ar\/index.php?rest_route=\/wp\/v2\/posts\/60287\/revisions"}],"predecessor-version":[{"id":60316,"href":"https:\/\/masquenoticiastucuman.com.ar\/index.php?rest_route=\/wp\/v2\/posts\/60287\/revisions\/60316"}],"wp:featuredmedia":[{"embeddable":true,"href":"https:\/\/masquenoticiastucuman.com.ar\/index.php?rest_route=\/wp\/v2\/media\/60288"}],"wp:attachment":[{"href":"https:\/\/masquenoticiastucuman.com.ar\/index.php?rest_route=%2Fwp%2Fv2%2Fmedia&parent=60287"}],"wp:term":[{"taxonomy":"category","embeddable":true,"href":"https:\/\/masquenoticiastucuman.com.ar\/index.php?rest_route=%2Fwp%2Fv2%2Fcategories&post=60287"},{"taxonomy":"post_tag","embeddable":true,"href":"https:\/\/masquenoticiastucuman.com.ar\/index.php?rest_route=%2Fwp%2Fv2%2Ftags&post=60287"}],"curies":[{"name":"wp","href":"https:\/\/api.w.org\/{rel}","templated":true}]}}