{"id":60292,"date":"2026-04-11T11:04:47","date_gmt":"2026-04-11T14:04:47","guid":{"rendered":"http:\/\/masquenoticiastucuman.com.ar\/?p=60292"},"modified":"2026-04-11T11:04:47","modified_gmt":"2026-04-11T14:04:47","slug":"la-agenda-deportiva-de-un-sabado-con-mucha-accion-boca-vs-independiente-messi-en-la-mls-y-el-regreso-de-tyson-fury","status":"publish","type":"post","link":"https:\/\/masquenoticiastucuman.com.ar\/?p=60292","title":{"rendered":"La agenda deportiva de un s\u00e1bado con mucha acci\u00f3n: Boca vs Independiente, Messi en la MLS y el regreso de Tyson Fury"},"content":{"rendered":"<ul>\n<li>Habr\u00e1 cl\u00e1sico por el Torneo Apertura en la Bombonera.<\/li>\n<li>Tambi\u00e9n el rosarino se vuelve a presentar con el Inter Miami en la MLS.<\/li>\n<li>Y Tyson Fury vuelve al ring.<\/li>\n<\/ul>\n<p>\u200bHabr\u00e1 cl\u00e1sico por el Torneo Apertura en la Bombonera.Tambi\u00e9n el rosarino se vuelve a presentar con el Inter Miami en la MLS.Y Tyson Fury vuelve al ring.\u00a0<a href=\"https:\/\/www.clarin.com\/deportes\/agenda-deportiva-sabado-mucha-accion-boca-vs-independiente-messi-mls-regreso-tyson-fury_0_SuImVP4k3t.html\" target=\"_blank\" class=\"feedzy-rss-link-icon\">Read More<\/a><\/p>","protected":false},"excerpt":{"rendered":"<p>Habr\u00e1 cl\u00e1sico por el Torneo Apertura en la Bombonera. Tambi\u00e9n el rosarino se vuelve a&#8230;<\/p>\n","protected":false},"author":1,"featured_media":0,"comment_status":"open","ping_status":"open","sticky":false,"template":"","format":"standard","meta":{"footnotes":""},"categories":[6],"tags":[],"class_list":["post-60292","post","type-post","status-publish","format-standard","has-post-thumbnail","hentry","category-deportes"],"_links":{"self":[{"href":"https:\/\/masquenoticiastucuman.com.ar\/index.php?rest_route=\/wp\/v2\/posts\/60292","targetHints":{"allow":["GET"]}}],"collection":[{"href":"https:\/\/masquenoticiastucuman.com.ar\/index.php?rest_route=\/wp\/v2\/posts"}],"about":[{"href":"https:\/\/masquenoticiastucuman.com.ar\/index.php?rest_route=\/wp\/v2\/types\/post"}],"author":[{"embeddable":true,"href":"https:\/\/masquenoticiastucuman.com.ar\/index.php?rest_route=\/wp\/v2\/users\/1"}],"replies":[{"embeddable":true,"href":"https:\/\/masquenoticiastucuman.com.ar\/index.php?rest_route=%2Fwp%2Fv2%2Fcomments&post=60292"}],"version-history":[{"count":0,"href":"https:\/\/masquenoticiastucuman.com.ar\/index.php?rest_route=\/wp\/v2\/posts\/60292\/revisions"}],"wp:attachment":[{"href":"https:\/\/masquenoticiastucuman.com.ar\/index.php?rest_route=%2Fwp%2Fv2%2Fmedia&parent=60292"}],"wp:term":[{"taxonomy":"category","embeddable":true,"href":"https:\/\/masquenoticiastucuman.com.ar\/index.php?rest_route=%2Fwp%2Fv2%2Fcategories&post=60292"},{"taxonomy":"post_tag","embeddable":true,"href":"https:\/\/masquenoticiastucuman.com.ar\/index.php?rest_route=%2Fwp%2Fv2%2Ftags&post=60292"}],"curies":[{"name":"wp","href":"https:\/\/api.w.org\/{rel}","templated":true}]}}