{"id":60296,"date":"2026-04-11T13:50:16","date_gmt":"2026-04-11T16:50:16","guid":{"rendered":"http:\/\/masquenoticiastucuman.com.ar\/?p=60296"},"modified":"2026-04-11T13:50:16","modified_gmt":"2026-04-11T16:50:16","slug":"conmocion-en-nueva-york-la-policia-mato-a-un-hombre-que-apunalo-a-varias-personas-en-el-subte","status":"publish","type":"post","link":"https:\/\/masquenoticiastucuman.com.ar\/?p=60296","title":{"rendered":"Conmoci\u00f3n en Nueva York: la Polic\u00eda mat\u00f3 a un hombre que apu\u00f1al\u00f3 a varias personas en el subte"},"content":{"rendered":"<ul>\n<li>El agresor, que portaba un machete, ignor\u00f3 las \u00f3rdenes de soltar el arma y se abalanz\u00f3 sobre los agentes, que entonces abrieron fuego.<\/li>\n<\/ul>\n<p>\u200bEl agresor, que portaba un machete, ignor\u00f3 las \u00f3rdenes de soltar el arma y se abalanz\u00f3 sobre los agentes, que entonces abrieron fuego.\u00a0<a href=\"https:\/\/www.clarin.com\/mundo\/conmocion-nueva-york-policia-mato-hombre-apunalo-varias-personas-subte_0_7w9xR7n8l4.html\" target=\"_blank\" class=\"feedzy-rss-link-icon\">Read More<\/a><\/p>","protected":false},"excerpt":{"rendered":"<p>El agresor, que portaba un machete, ignor\u00f3 las \u00f3rdenes de soltar el arma y se&#8230;<\/p>\n","protected":false},"author":1,"featured_media":60297,"comment_status":"open","ping_status":"open","sticky":false,"template":"","format":"standard","meta":{"footnotes":""},"categories":[4],"tags":[],"class_list":["post-60296","post","type-post","status-publish","format-standard","has-post-thumbnail","hentry","category-internacionales"],"_links":{"self":[{"href":"https:\/\/masquenoticiastucuman.com.ar\/index.php?rest_route=\/wp\/v2\/posts\/60296","targetHints":{"allow":["GET"]}}],"collection":[{"href":"https:\/\/masquenoticiastucuman.com.ar\/index.php?rest_route=\/wp\/v2\/posts"}],"about":[{"href":"https:\/\/masquenoticiastucuman.com.ar\/index.php?rest_route=\/wp\/v2\/types\/post"}],"author":[{"embeddable":true,"href":"https:\/\/masquenoticiastucuman.com.ar\/index.php?rest_route=\/wp\/v2\/users\/1"}],"replies":[{"embeddable":true,"href":"https:\/\/masquenoticiastucuman.com.ar\/index.php?rest_route=%2Fwp%2Fv2%2Fcomments&post=60296"}],"version-history":[{"count":0,"href":"https:\/\/masquenoticiastucuman.com.ar\/index.php?rest_route=\/wp\/v2\/posts\/60296\/revisions"}],"wp:featuredmedia":[{"embeddable":true,"href":"https:\/\/masquenoticiastucuman.com.ar\/index.php?rest_route=\/wp\/v2\/media\/60297"}],"wp:attachment":[{"href":"https:\/\/masquenoticiastucuman.com.ar\/index.php?rest_route=%2Fwp%2Fv2%2Fmedia&parent=60296"}],"wp:term":[{"taxonomy":"category","embeddable":true,"href":"https:\/\/masquenoticiastucuman.com.ar\/index.php?rest_route=%2Fwp%2Fv2%2Fcategories&post=60296"},{"taxonomy":"post_tag","embeddable":true,"href":"https:\/\/masquenoticiastucuman.com.ar\/index.php?rest_route=%2Fwp%2Fv2%2Ftags&post=60296"}],"curies":[{"name":"wp","href":"https:\/\/api.w.org\/{rel}","templated":true}]}}