{"id":60299,"date":"2026-04-11T14:00:59","date_gmt":"2026-04-11T17:00:59","guid":{"rendered":"http:\/\/masquenoticiastucuman.com.ar\/?p=60299"},"modified":"2026-04-11T14:00:59","modified_gmt":"2026-04-11T17:00:59","slug":"marcelo-gallardo-reaparecio-en-espana-fue-visto-en-un-partido-de-la-liga-y-crecen-las-dudas-sobre-su-futuro","status":"publish","type":"post","link":"https:\/\/masquenoticiastucuman.com.ar\/?p=60299","title":{"rendered":"Marcelo Gallardo reapareci\u00f3 en Espa\u00f1a: fue visto en un partido de La Liga y crecen las dudas sobre su futuro"},"content":{"rendered":"<ul>\n<li>El ex t\u00e9cnico de River Plate fue enfocado en la tribuna durante el duelo entre Real Sociedad y Deportivo Alav\u00e9s. <\/li>\n<li>En pleno descanso, su presencia en Europa reactiv\u00f3 las especulaciones sobre su pr\u00f3ximo paso como entrenador.<\/li>\n<\/ul>\n<p>\u200bEl ex t\u00e9cnico de River Plate fue enfocado en la tribuna durante el duelo entre Real Sociedad y Deportivo Alav\u00e9s. En pleno descanso, su presencia en Europa reactiv\u00f3 las especulaciones sobre su pr\u00f3ximo paso como entrenador.\u00a0<a href=\"https:\/\/www.clarin.com\/deportes\/marcelo-gallardo-reaparecio-espana-visto-partido-liga-crecen-dudas-futuro_0_5QZuwOu5fG.html\" target=\"_blank\" class=\"feedzy-rss-link-icon\">Read More<\/a><\/p>","protected":false},"excerpt":{"rendered":"<p>El ex t\u00e9cnico de River Plate fue enfocado en la tribuna durante el duelo entre&#8230;<\/p>\n","protected":false},"author":1,"featured_media":0,"comment_status":"open","ping_status":"open","sticky":false,"template":"","format":"standard","meta":{"footnotes":""},"categories":[6],"tags":[],"class_list":["post-60299","post","type-post","status-publish","format-standard","has-post-thumbnail","hentry","category-deportes"],"_links":{"self":[{"href":"https:\/\/masquenoticiastucuman.com.ar\/index.php?rest_route=\/wp\/v2\/posts\/60299","targetHints":{"allow":["GET"]}}],"collection":[{"href":"https:\/\/masquenoticiastucuman.com.ar\/index.php?rest_route=\/wp\/v2\/posts"}],"about":[{"href":"https:\/\/masquenoticiastucuman.com.ar\/index.php?rest_route=\/wp\/v2\/types\/post"}],"author":[{"embeddable":true,"href":"https:\/\/masquenoticiastucuman.com.ar\/index.php?rest_route=\/wp\/v2\/users\/1"}],"replies":[{"embeddable":true,"href":"https:\/\/masquenoticiastucuman.com.ar\/index.php?rest_route=%2Fwp%2Fv2%2Fcomments&post=60299"}],"version-history":[{"count":0,"href":"https:\/\/masquenoticiastucuman.com.ar\/index.php?rest_route=\/wp\/v2\/posts\/60299\/revisions"}],"wp:attachment":[{"href":"https:\/\/masquenoticiastucuman.com.ar\/index.php?rest_route=%2Fwp%2Fv2%2Fmedia&parent=60299"}],"wp:term":[{"taxonomy":"category","embeddable":true,"href":"https:\/\/masquenoticiastucuman.com.ar\/index.php?rest_route=%2Fwp%2Fv2%2Fcategories&post=60299"},{"taxonomy":"post_tag","embeddable":true,"href":"https:\/\/masquenoticiastucuman.com.ar\/index.php?rest_route=%2Fwp%2Fv2%2Ftags&post=60299"}],"curies":[{"name":"wp","href":"https:\/\/api.w.org\/{rel}","templated":true}]}}