{"id":60300,"date":"2026-04-11T13:34:16","date_gmt":"2026-04-11T16:34:16","guid":{"rendered":"http:\/\/masquenoticiastucuman.com.ar\/?p=60300"},"modified":"2026-04-11T13:34:16","modified_gmt":"2026-04-11T16:34:16","slug":"masters-1000-de-montecarlo-alcaraz-vs-sinner-una-final-explosiva-con-el-numero-1-del-mundo-en-juego","status":"publish","type":"post","link":"https:\/\/masquenoticiastucuman.com.ar\/?p=60300","title":{"rendered":"Masters 1000 de Montecarlo: Alcaraz vs Sinner, una final explosiva con el n\u00famero 1 del mundo en juego"},"content":{"rendered":"<ul>\n<li>El espa\u00f1ol y el italiano protagonizar\u00e1n este domingo un nuevo cap\u00edtulo de la rivalidad que domina al tenis actual.<\/li>\n<li>Alcaraz defiende el t\u00edtulo en el Masters 1000 de Montecarlo y llega con 17 triunfos seguidos sobre polvo de ladrillo.<\/li>\n<li>Sinner buscar\u00e1 coronarse por primera vez en el Principado y recuperar la cima del ranking ATP.<\/li>\n<\/ul>\n<p>\u200bEl espa\u00f1ol y el italiano protagonizar\u00e1n este domingo un nuevo cap\u00edtulo de la rivalidad que domina al tenis actual.Alcaraz defiende el t\u00edtulo en el Masters 1000 de Montecarlo y llega con 17 triunfos seguidos sobre polvo de ladrillo.Sinner buscar\u00e1 coronarse por primera vez en el Principado y recuperar la cima del ranking ATP.\u00a0<a href=\"https:\/\/www.clarin.com\/deportes\/masters-1000-montecarlo-alcaraz-vs-sinner-final-explosiva-numero-1-mundo-juego_0_5xYAYsUAEr.html\" target=\"_blank\" class=\"feedzy-rss-link-icon\">Read More<\/a><\/p>","protected":false},"excerpt":{"rendered":"<p>El espa\u00f1ol y el italiano protagonizar\u00e1n este domingo un nuevo cap\u00edtulo de la rivalidad que&#8230;<\/p>\n","protected":false},"author":1,"featured_media":0,"comment_status":"open","ping_status":"open","sticky":false,"template":"","format":"standard","meta":{"footnotes":""},"categories":[6],"tags":[],"class_list":["post-60300","post","type-post","status-publish","format-standard","has-post-thumbnail","hentry","category-deportes"],"_links":{"self":[{"href":"https:\/\/masquenoticiastucuman.com.ar\/index.php?rest_route=\/wp\/v2\/posts\/60300","targetHints":{"allow":["GET"]}}],"collection":[{"href":"https:\/\/masquenoticiastucuman.com.ar\/index.php?rest_route=\/wp\/v2\/posts"}],"about":[{"href":"https:\/\/masquenoticiastucuman.com.ar\/index.php?rest_route=\/wp\/v2\/types\/post"}],"author":[{"embeddable":true,"href":"https:\/\/masquenoticiastucuman.com.ar\/index.php?rest_route=\/wp\/v2\/users\/1"}],"replies":[{"embeddable":true,"href":"https:\/\/masquenoticiastucuman.com.ar\/index.php?rest_route=%2Fwp%2Fv2%2Fcomments&post=60300"}],"version-history":[{"count":0,"href":"https:\/\/masquenoticiastucuman.com.ar\/index.php?rest_route=\/wp\/v2\/posts\/60300\/revisions"}],"wp:attachment":[{"href":"https:\/\/masquenoticiastucuman.com.ar\/index.php?rest_route=%2Fwp%2Fv2%2Fmedia&parent=60300"}],"wp:term":[{"taxonomy":"category","embeddable":true,"href":"https:\/\/masquenoticiastucuman.com.ar\/index.php?rest_route=%2Fwp%2Fv2%2Fcategories&post=60300"},{"taxonomy":"post_tag","embeddable":true,"href":"https:\/\/masquenoticiastucuman.com.ar\/index.php?rest_route=%2Fwp%2Fv2%2Ftags&post=60300"}],"curies":[{"name":"wp","href":"https:\/\/api.w.org\/{rel}","templated":true}]}}