{"id":60305,"date":"2026-04-11T15:34:24","date_gmt":"2026-04-11T18:34:24","guid":{"rendered":"http:\/\/masquenoticiastucuman.com.ar\/?p=60305"},"modified":"2026-04-11T15:34:24","modified_gmt":"2026-04-11T18:34:24","slug":"jorge-drexler-se-presento-en-mendoza-al-ritmo-del-candombe-uruguayo-en-una-experiencia-inmersiva-estoy-muy-feliz-de-volver","status":"publish","type":"post","link":"https:\/\/masquenoticiastucuman.com.ar\/?p=60305","title":{"rendered":"Jorge Drexler se present\u00f3 en Mendoza al ritmo del candombe uruguayo en una experiencia inmersiva: &#8220;Estoy muy feliz de volver&#8221;"},"content":{"rendered":"<ul>\n<li>La gira de su nuevo \u00e1lbum <em>Tarac\u00e1 <\/em>seguir\u00e1 por C\u00f3rdoba y el pr\u00f3ximo fin de semana en Buenos Aires.<\/li>\n<li>El recuerdo de Mercedes Sosa y el homenaje a Sabina y Morente.<\/li>\n<\/ul>\n<p>\u200bLa gira de su nuevo \u00e1lbum Tarac\u00e1 seguir\u00e1 por C\u00f3rdoba y el pr\u00f3ximo fin de semana en Buenos Aires.El recuerdo de Mercedes Sosa y el homenaje a Sabina y Morente.\u00a0<a href=\"https:\/\/www.clarin.com\/espectaculos\/jorge-drexler-presento-mendoza-ritmo-candombe-uruguayo-experiencia-inmersiva-feliz-volver_0_L5yMPAzdyY.html\" target=\"_blank\" class=\"feedzy-rss-link-icon\">Read More<\/a><\/p>","protected":false},"excerpt":{"rendered":"<p>La gira de su nuevo \u00e1lbum Tarac\u00e1 seguir\u00e1 por C\u00f3rdoba y el pr\u00f3ximo fin de&#8230;<\/p>\n","protected":false},"author":1,"featured_media":0,"comment_status":"open","ping_status":"open","sticky":false,"template":"","format":"standard","meta":{"footnotes":""},"categories":[5],"tags":[],"class_list":["post-60305","post","type-post","status-publish","format-standard","has-post-thumbnail","hentry","category-espectaculo"],"_links":{"self":[{"href":"https:\/\/masquenoticiastucuman.com.ar\/index.php?rest_route=\/wp\/v2\/posts\/60305","targetHints":{"allow":["GET"]}}],"collection":[{"href":"https:\/\/masquenoticiastucuman.com.ar\/index.php?rest_route=\/wp\/v2\/posts"}],"about":[{"href":"https:\/\/masquenoticiastucuman.com.ar\/index.php?rest_route=\/wp\/v2\/types\/post"}],"author":[{"embeddable":true,"href":"https:\/\/masquenoticiastucuman.com.ar\/index.php?rest_route=\/wp\/v2\/users\/1"}],"replies":[{"embeddable":true,"href":"https:\/\/masquenoticiastucuman.com.ar\/index.php?rest_route=%2Fwp%2Fv2%2Fcomments&post=60305"}],"version-history":[{"count":0,"href":"https:\/\/masquenoticiastucuman.com.ar\/index.php?rest_route=\/wp\/v2\/posts\/60305\/revisions"}],"wp:attachment":[{"href":"https:\/\/masquenoticiastucuman.com.ar\/index.php?rest_route=%2Fwp%2Fv2%2Fmedia&parent=60305"}],"wp:term":[{"taxonomy":"category","embeddable":true,"href":"https:\/\/masquenoticiastucuman.com.ar\/index.php?rest_route=%2Fwp%2Fv2%2Fcategories&post=60305"},{"taxonomy":"post_tag","embeddable":true,"href":"https:\/\/masquenoticiastucuman.com.ar\/index.php?rest_route=%2Fwp%2Fv2%2Ftags&post=60305"}],"curies":[{"name":"wp","href":"https:\/\/api.w.org\/{rel}","templated":true}]}}