{"id":60306,"date":"2026-04-11T15:48:49","date_gmt":"2026-04-11T18:48:49","guid":{"rendered":"http:\/\/masquenoticiastucuman.com.ar\/?p=60306"},"modified":"2026-04-11T15:48:49","modified_gmt":"2026-04-11T18:48:49","slug":"un-jugador-de-gimnasia-de-jujuy-grito-bomba-antes-del-despegue-provoco-un-caos-en-el-avion-y-lo-bajaron-detenido","status":"publish","type":"post","link":"https:\/\/masquenoticiastucuman.com.ar\/?p=60306","title":{"rendered":"Un jugador de Gimnasia de Jujuy grit\u00f3 &#8220;bomba&#8221; antes del despegue, provoc\u00f3 un caos en el avi\u00f3n y lo bajaron detenido"},"content":{"rendered":"<ul>\n<li>Se trata de Emiliano Endrizzi, cuya conducta activ\u00f3 el protocolo de seguridad.<\/li>\n<li>Tuvieron que bajar a todos los pasajeros. El video que lo muestra esposado.<\/li>\n<\/ul>\n<p>\u200bSe trata de Emiliano Endrizzi, cuya conducta activ\u00f3 el protocolo de seguridad.Tuvieron que bajar a todos los pasajeros. El video que lo muestra esposado.\u00a0<a href=\"https:\/\/www.clarin.com\/deportes\/jugador-gimnasia-jujuy-grito-bomba-despegue-provoco-caos-avion-bajaron-detenido_0_2rJ9Zgghlc.html\" target=\"_blank\" class=\"feedzy-rss-link-icon\">Read More<\/a><\/p>","protected":false},"excerpt":{"rendered":"<p>Se trata de Emiliano Endrizzi, cuya conducta activ\u00f3 el protocolo de seguridad. Tuvieron que bajar&#8230;<\/p>\n","protected":false},"author":1,"featured_media":0,"comment_status":"open","ping_status":"open","sticky":false,"template":"","format":"standard","meta":{"footnotes":""},"categories":[6],"tags":[],"class_list":["post-60306","post","type-post","status-publish","format-standard","has-post-thumbnail","hentry","category-deportes"],"_links":{"self":[{"href":"https:\/\/masquenoticiastucuman.com.ar\/index.php?rest_route=\/wp\/v2\/posts\/60306","targetHints":{"allow":["GET"]}}],"collection":[{"href":"https:\/\/masquenoticiastucuman.com.ar\/index.php?rest_route=\/wp\/v2\/posts"}],"about":[{"href":"https:\/\/masquenoticiastucuman.com.ar\/index.php?rest_route=\/wp\/v2\/types\/post"}],"author":[{"embeddable":true,"href":"https:\/\/masquenoticiastucuman.com.ar\/index.php?rest_route=\/wp\/v2\/users\/1"}],"replies":[{"embeddable":true,"href":"https:\/\/masquenoticiastucuman.com.ar\/index.php?rest_route=%2Fwp%2Fv2%2Fcomments&post=60306"}],"version-history":[{"count":0,"href":"https:\/\/masquenoticiastucuman.com.ar\/index.php?rest_route=\/wp\/v2\/posts\/60306\/revisions"}],"wp:attachment":[{"href":"https:\/\/masquenoticiastucuman.com.ar\/index.php?rest_route=%2Fwp%2Fv2%2Fmedia&parent=60306"}],"wp:term":[{"taxonomy":"category","embeddable":true,"href":"https:\/\/masquenoticiastucuman.com.ar\/index.php?rest_route=%2Fwp%2Fv2%2Fcategories&post=60306"},{"taxonomy":"post_tag","embeddable":true,"href":"https:\/\/masquenoticiastucuman.com.ar\/index.php?rest_route=%2Fwp%2Fv2%2Ftags&post=60306"}],"curies":[{"name":"wp","href":"https:\/\/api.w.org\/{rel}","templated":true}]}}